{"id":73313,"date":"2020-01-17T11:15:03","date_gmt":"2020-01-17T16:15:03","guid":{"rendered":"https:\/\/linitiative.ca\/International\/volonte-royale-affirmee-de-consacrer-la-vocation-dessaouira-en-tant-que-ville-dhistoire-dart-et-de-patrimoine\/"},"modified":"2020-01-17T11:15:03","modified_gmt":"2020-01-17T16:15:03","slug":"volonte-royale-affirmee-de-consacrer-la-vocation-dessaouira-en-tant-que-ville-dhistoire-dart-et-de-patrimoine","status":"publish","type":"post","link":"https:\/\/linitiative.ca\/International\/volonte-royale-affirmee-de-consacrer-la-vocation-dessaouira-en-tant-que-ville-dhistoire-dart-et-de-patrimoine\/","title":{"rendered":"Volont\u00e9 Royale affirm\u00e9e de consacrer la vocation d\u2019Essaouira en tant que ville d\u2019histoire, d\u2019art et de patrimoine"},"content":{"rendered":"<div readability=\"40\">\n<p>Essaouira \u2013 La ferme volont\u00e9 de Sa Majest\u00e9 le Roi Mohammed VI, que Dieu L\u2019assiste, de consacrer la vocation d\u2019Essaouira en tant que ville d\u2019histoire, d\u2019art et de patrimoine s\u2019est illustr\u00e9e, vendredi, \u00e0 travers le lancement par le Souverain de la r\u00e9alisation d\u2019une Cit\u00e9 des arts et de la culture et l\u2019inauguration d\u2019un Complexe int\u00e9gr\u00e9 de l\u2019artisanat.<\/p>\n<\/div>\n<div readability=\"166\">\n<p>Ces deux projets traduisent l\u2019int\u00e9r\u00eat particulier qu\u2019accorde Sa Majest\u00e9 le Roi au secteur de l\u2019artisanat, Sa d\u00e9termination \u00e0 en faire un levier de d\u00e9veloppement \u00e9conomique et social, et Sa ferme volont\u00e9 de pr\u00e9server et de valoriser le patrimoine artisanal et artistique de la Cit\u00e9 des Aliz\u00e9es, riche de son identit\u00e9 plurielle aux multiples affluents et de son authentique culture de vivre ensemble.<\/p>\n<p>Mobilisant des investissements de l\u2019ordre de 350 millions de dirhams (MDH), le projet de Cit\u00e9 des arts et de la culture sera r\u00e9alis\u00e9 sur un terrain de 3,6 ha et devra permettre \u00e0 la ville de disposer d\u2019un grand espace de formation et de r\u00e9p\u00e9titions pour les troupes de musique et de th\u00e9\u00e2tre, \u00e0 la mesure de la renomm\u00e9e et de la stature internationales de Mogador.<\/p>\n<p>La future Cit\u00e9 des arts et de la culture comprendra notamment un grand th\u00e9\u00e2tre d\u2019une capacit\u00e9 de 1.000 places, un conservatoire de musique, une maison du livre, un mus\u00e9e des arts traditionnels et un autre de th\u00e9, une esplanade (sc\u00e8ne ext\u00e9rieure) pouvant accueillir jusqu\u2019\u00e0 30.000 personnes et un parking souterrain.<\/p>\n<p>Ce projet sera r\u00e9alis\u00e9 dans un d\u00e9lai de 48 mois, dans le cadre d\u2019un partenariat entre le minist\u00e8re de l\u2019Int\u00e9rieur (130 MDH), le minist\u00e8re de l\u2019\u00c9conomie, des Finances et de la R\u00e9forme de l\u2019administration (50 MDH), le minist\u00e8re de l\u2019Agriculture, de la P\u00eache maritime, du D\u00e9veloppement rural, de l\u2019Eau et des For\u00eats (assiette fonci\u00e8re), le minist\u00e8re de l\u2019Am\u00e9nagement du territoire national, de l\u2019Urbanisme, de l\u2019Habitat et de la Politique de la Ville (50 MDH), le minist\u00e8re de la Culture, de la Jeunesse et des Sports (60 MDH) et le Conseil r\u00e9gional de Marrakech-Safi (60 MDH).<\/p>\n<p>SM le Roi a pr\u00e9sid\u00e9, \u00e0 cette occasion, la c\u00e9r\u00e9monie de signature de la convention de financement relative \u00e0 ce projet. Elle a \u00e9t\u00e9 sign\u00e9e par M. Abdelouafi Laftit, ministre de l\u2019Int\u00e9rieur, M. Mohamed Benchaaboun, ministre de l\u2019\u00c9conomie, des Finances et de la R\u00e9forme de l\u2019administration, M. Aziz Akhannouch, ministre de l\u2019Agriculture, de la P\u00eache maritime, du D\u00e9veloppement rural, de l\u2019Eau et des For\u00eats, Mme Nouzha Bouchareb, ministre de l\u2019Am\u00e9nagement du territoire national, de l\u2019Urbanisme, de l\u2019Habitat et de la Politique de la Ville et M. El Hassan Abyaba, ministre de la Culture, de la Jeunesse et des Sports, Porte-parole du gouvernement.<\/p>\n<p>Elle a \u00e9galement \u00e9t\u00e9 sign\u00e9e par M. Karim Kassi Lahlou, wali de la r\u00e9gion Marrakech-Safi, gouverneur de la pr\u00e9fecture de Marrakech, M. Ahmed Akhchichine, Pr\u00e9sident du Conseil r\u00e9gional de Marrakech-Safi, et M. Adil El Malki, gouverneur de la province d\u2019Essaouira.<\/p>\n<p>Par la suite, le Souverain a proc\u00e9d\u00e9 \u00e0 l\u2019inauguration du Complexe int\u00e9gr\u00e9 de l\u2019artisanat d\u2019Essaouira, d\u2019un co\u00fbt global de 18,5 MDH. Ce Complexe devra assurer aux jeunes de la r\u00e9gion une qualification professionnelle adapt\u00e9e \u00e0 la r\u00e9alit\u00e9 socio-\u00e9conomique du secteur de l\u2019artisanat, principalement \u00e0 travers le mode de formation par apprentissage, ainsi qu\u2019une int\u00e9gration dans le march\u00e9 du travail.<\/p>\n<p>Ce Complexe artisanal contribuera aussi \u00e0 la pr\u00e9servation de certains m\u00e9tiers menac\u00e9s de disparition, \u00e0 la promotion des produits locaux d\u2019artisanat et \u00e0 la valorisation de l\u2019approche genre dans la mesure o\u00f9 50 pc des b\u00e9n\u00e9ficiaires sont des femmes.<\/p>\n<p>Ce projet vient ainsi t\u00e9moigner de l\u2019importance qu\u2019accorde Sa Majest\u00e9 le Roi \u00e0 la formation professionnelle et \u00e0 la qualification des jeunes, notamment dans le secteur de l\u2019artisanat.<\/p>\n<p>Le Souverain avait pr\u00e9cis\u00e9 dans Son discours adress\u00e9 \u00e0 la Nation \u00e0 l\u2019occasion du 66-\u00e8me anniversaire de la R\u00e9volution du Roi et du Peuple que: \u00ab\u00a0Je ne me lasserai donc jamais de mettre en avant le r\u00f4le de la formation professionnelle, du travail manuel dans l\u2019insertion des jeunes\u00a0\u00bb, soulignant que les m\u00e9tiers de l\u2019artisanat, qui assurent aux praticiens un revenu d\u00e9cent et une vie digne, sont les premiers concern\u00e9s.<\/p>\n<p>\u00c9rig\u00e9 sur un terrain de 2.355 m2, le nouveau Complexe se fixe \u00e9galement pour objectifs d\u2019organiser et d\u2019encadrer les artisans de la province afin de leur permettre d\u2019am\u00e9liorer et de diversifier leurs revenus et de valoriser leurs produits.<\/p>\n<p>Le Complexe int\u00e9gr\u00e9 de l\u2019artisanat d\u2019Essaouira abrite, \u00e0 cet effet, un Centre de qualification professionnelle dans les arts traditionnels comprenant des ateliers professionnels, trois salles de formation, une salle d\u2019informatique, 20 ateliers et 7 espaces d\u2019exposition (bois thuya, bijouterie \u00abdeg souiri\u00bb, rafia, tissage, maroquinerie, instruments de musique, produits du terroir).<\/p>\n<p>Fruit d\u2019un partenariat entre l\u2019INDH, le minist\u00e8re du Tourisme, de l\u2019Artisanat, du Transport a\u00e9rien et de l\u2019\u00c9conomie sociale, le Conseil r\u00e9gional de Marrakech-Safi et le conseil provincial d\u2019Essaouira, ce projet comporte \u00e9galement une salle polyvalente, le si\u00e8ge de la direction provinciale de l\u2019Artisanat et de celui de la Chambre de l\u2019Artisanat, un bureau de l\u2019association des b\u00e9n\u00e9ficiaires et d\u2019autres d\u00e9pendances administratives et techniques.<\/p>\n<\/div>\n<p>Auteur: Meriem IGASS<br \/>\n<a href=\"http:\/\/www.mapmarrakech.ma\/fr\/essaouira-9\/\">Cliquez ici pour lire l&rsquo;article depuis sa source.<\/a><\/p>\n","protected":false},"excerpt":{"rendered":"<p>Essaouira \u2013 La ferme volont\u00e9 de Sa Majest\u00e9 le Roi Mohammed VI, que Dieu L\u2019assiste, de consacrer la vocation d\u2019Essaouira en tant que ville d\u2019histoire, d\u2019art et de patrimoine s\u2019est illustr\u00e9e, vendredi, \u00e0 travers le lancement par le Souverain de la r\u00e9alisation d\u2019une Cit\u00e9 des arts et de la culture et l\u2019inauguration d\u2019un Complexe int\u00e9gr\u00e9 [&hellip;]<\/p>\n","protected":false},"author":1788,"featured_media":0,"comment_status":"closed","ping_status":"closed","sticky":false,"template":"","format":"standard","meta":{"fifu_image_url":"","fifu_image_alt":"","footnotes":""},"categories":[54,76],"tags":[],"class_list":["post-73313","post","type-post","status-publish","format-standard","hentry","category-maroc","category-regions"],"_links":{"self":[{"href":"https:\/\/linitiative.ca\/International\/wp-json\/wp\/v2\/posts\/73313","targetHints":{"allow":["GET"]}}],"collection":[{"href":"https:\/\/linitiative.ca\/International\/wp-json\/wp\/v2\/posts"}],"about":[{"href":"https:\/\/linitiative.ca\/International\/wp-json\/wp\/v2\/types\/post"}],"author":[{"embeddable":true,"href":"https:\/\/linitiative.ca\/International\/wp-json\/wp\/v2\/users\/1788"}],"replies":[{"embeddable":true,"href":"https:\/\/linitiative.ca\/International\/wp-json\/wp\/v2\/comments?post=73313"}],"version-history":[{"count":0,"href":"https:\/\/linitiative.ca\/International\/wp-json\/wp\/v2\/posts\/73313\/revisions"}],"wp:attachment":[{"href":"https:\/\/linitiative.ca\/International\/wp-json\/wp\/v2\/media?parent=73313"}],"wp:term":[{"taxonomy":"category","embeddable":true,"href":"https:\/\/linitiative.ca\/International\/wp-json\/wp\/v2\/categories?post=73313"},{"taxonomy":"post_tag","embeddable":true,"href":"https:\/\/linitiative.ca\/International\/wp-json\/wp\/v2\/tags?post=73313"}],"curies":[{"name":"wp","href":"https:\/\/api.w.org\/{rel}","templated":true}]}}