{"id":73314,"date":"2020-01-17T14:14:34","date_gmt":"2020-01-17T19:14:34","guid":{"rendered":"https:\/\/linitiative.ca\/International\/la-cite-des-arts-fera-de-la-ville-une-destination-culturelle-par-excellence\/"},"modified":"2020-01-17T14:14:34","modified_gmt":"2020-01-17T19:14:34","slug":"la-cite-des-arts-fera-de-la-ville-une-destination-culturelle-par-excellence","status":"publish","type":"post","link":"https:\/\/linitiative.ca\/International\/la-cite-des-arts-fera-de-la-ville-une-destination-culturelle-par-excellence\/","title":{"rendered":"La Cit\u00e9 des arts fera de la ville une destination culturelle par excellence"},"content":{"rendered":"<div readability=\"41\">\n<p>Essaouira \u2013 Le projet \u201cCit\u00e9 des arts et de la culture\u201d, dont SM le Roi Mohammed VI a lanc\u00e9 vendredi les travaux de r\u00e9alisation, fera d\u2019Essaouira une destination culturelle et touristique par excellence aussi bien pour les touristes marocains qu\u2019\u00e9trangers, a affirm\u00e9 le ministre de la Culture, de la jeunesse et des sports, porte-parole du gouvernement, El Hassan Abyaba.<\/p>\n<\/div>\n<div readability=\"78\">\n<p>Avec le lancement de ce projet, le Maroc entame la r\u00e9alisation de cit\u00e9s culturelles et touristiques de haut niveau qui seront une destination privil\u00e9gi\u00e9e pour les touristes marocains et \u00e9trangers, a-t-il soulign\u00e9 dans une d\u00e9claration \u00e0 la presse, notant que ces cit\u00e9s mettront en avant le Royaume en tant que pays de patrimoine, d\u2019histoire, de culture, de tol\u00e9rance et d\u2019ouverture.<\/p>\n<p>Ce projet comprend des biblioth\u00e8ques, des salles et d\u2019autres composantes, a-t-il dit, faisant savoir que le minist\u00e8re de la Culture contribue \u00e0 hauteur de 65 millions DH \u00e0 la r\u00e9alisation de cette cit\u00e9, qui est une \u00ab\u00a0fiert\u00e9 patrimoniale et culturelle\u00a0\u00bb et qui viendra s\u2019ajouter \u00e0 \u00ab\u00a0Bayt Dakira\u00a0\u00bb que SM le Roi a visit\u00e9 mercredi, ainsi que les centres restaur\u00e9s et inaugur\u00e9s.<\/p>\n<p>Gr\u00e2ce aux projets royaux, la ville d\u2019Essaouira est devenu une destination pour les touristes, les \u00e9lites et les intellectuels nationaux et internationaux, eu \u00e9gard aux composantes touristiques et culturelles dont regorge la ville, de sa richesse culturelle et de son h\u00e9ritage civilisationnel, a relev\u00e9 M. Abyaba.<\/p>\n<p>Mobilisant des investissements de l\u2019ordre de 350 millions de dirhams (MDH), le projet de la Cit\u00e9 des arts et de la culture sera r\u00e9alis\u00e9 sur un terrain de 3,6 ha et devra permettre \u00e0 la ville d\u2019Essaouira de disposer d\u2019un grand espace de formation et de r\u00e9p\u00e9titions pour les troupes de musique et de th\u00e9\u00e2tre, \u00e0 la mesure de la renomm\u00e9e et de la stature internationales de Mogador.<\/p>\n<p>La future Cit\u00e9 des arts et de la culture comprendra notamment un grand th\u00e9\u00e2tre d\u2019une capacit\u00e9 de 1.000 places, un conservatoire de musique, une maison du livre, un mus\u00e9e des arts traditionnels et un autre de th\u00e9, une esplanade (sc\u00e8ne ext\u00e9rieure) pouvant accueillir jusqu\u2019\u00e0 30.000 personnes et un parking souterrain.<\/p>\n<\/div>\n<p>Auteur: Meriem IGASS<br \/>\n<a href=\"http:\/\/www.mapmarrakech.ma\/fr\/projet-3\/\">Cliquez ici pour lire l&rsquo;article depuis sa source.<\/a><\/p>\n","protected":false},"excerpt":{"rendered":"<p>Essaouira \u2013 Le projet \u201cCit\u00e9 des arts et de la culture\u201d, dont SM le Roi Mohammed VI a lanc\u00e9 vendredi les travaux de r\u00e9alisation, fera d\u2019Essaouira une destination culturelle et touristique par excellence aussi bien pour les touristes marocains qu\u2019\u00e9trangers, a affirm\u00e9 le ministre de la Culture, de la jeunesse et des sports, porte-parole du [&hellip;]<\/p>\n","protected":false},"author":1788,"featured_media":0,"comment_status":"closed","ping_status":"closed","sticky":false,"template":"","format":"standard","meta":{"fifu_image_url":"","fifu_image_alt":"","footnotes":""},"categories":[54,76],"tags":[],"class_list":["post-73314","post","type-post","status-publish","format-standard","hentry","category-maroc","category-regions"],"_links":{"self":[{"href":"https:\/\/linitiative.ca\/International\/wp-json\/wp\/v2\/posts\/73314","targetHints":{"allow":["GET"]}}],"collection":[{"href":"https:\/\/linitiative.ca\/International\/wp-json\/wp\/v2\/posts"}],"about":[{"href":"https:\/\/linitiative.ca\/International\/wp-json\/wp\/v2\/types\/post"}],"author":[{"embeddable":true,"href":"https:\/\/linitiative.ca\/International\/wp-json\/wp\/v2\/users\/1788"}],"replies":[{"embeddable":true,"href":"https:\/\/linitiative.ca\/International\/wp-json\/wp\/v2\/comments?post=73314"}],"version-history":[{"count":0,"href":"https:\/\/linitiative.ca\/International\/wp-json\/wp\/v2\/posts\/73314\/revisions"}],"wp:attachment":[{"href":"https:\/\/linitiative.ca\/International\/wp-json\/wp\/v2\/media?parent=73314"}],"wp:term":[{"taxonomy":"category","embeddable":true,"href":"https:\/\/linitiative.ca\/International\/wp-json\/wp\/v2\/categories?post=73314"},{"taxonomy":"post_tag","embeddable":true,"href":"https:\/\/linitiative.ca\/International\/wp-json\/wp\/v2\/tags?post=73314"}],"curies":[{"name":"wp","href":"https:\/\/api.w.org\/{rel}","templated":true}]}}