{"id":73316,"date":"2020-01-17T10:45:16","date_gmt":"2020-01-17T15:45:16","guid":{"rendered":"https:\/\/linitiative.ca\/International\/froid-neige-et-fortes-rafales-de-vents-a-partir-de-dimanche\/"},"modified":"2020-01-17T10:45:16","modified_gmt":"2020-01-17T15:45:16","slug":"froid-neige-et-fortes-rafales-de-vents-a-partir-de-dimanche","status":"publish","type":"post","link":"https:\/\/linitiative.ca\/International\/froid-neige-et-fortes-rafales-de-vents-a-partir-de-dimanche\/","title":{"rendered":"Froid, neige et fortes rafales de vents \u00e0 partir de dimanche"},"content":{"rendered":"<p class=\"c5\">Un temps froid, des chutes de neige et des fortes rafales de vents, de niveau orange, sont attendus \u00e0 partir de dimanche dans plusieurs provinces du Royaume, annonce la Direction de la m\u00e9t\u00e9orologie nationale (DMN).<\/p>\n<p class=\"c5\">Dans un bulletin m\u00e9t\u00e9orologique sp\u00e9cial, la DMN indique que les provinces d\u2019Al Haouz, Azilal, Midelt, Ifrane, Boulmane, Tinghir, les reliefs du Beni Mellal et de Chichaoua, Ouarzazate, Figuig, Taourirt, Jerada, Sefrou, El Hajeb, Khenifra Taroudant et El Houceima sont concern\u00e9es par un temps froid \u00e0 partir de lundi 20 janvier jusqu\u2019\u00e0 mercredi 22 janvier.<\/p>\n<p class=\"c5\">Selon la m\u00eame source, les provinces de Al Haouz, Azilal, Tinghir, Beni Mellal, Midelt, Ifrane, Khenifra, Sefrou et Boulmane seront concern\u00e9s par des chutes de neige \u00e0 partir de 1200m \u00e0 partir du dimanche au mardi 21 janvier.<\/p>\n<p class=\"c5\">Quelques chutes de neige (moins de 20cm) seront attendues aussi sur les provinces de Taourirt, Taza, Figuig, El Hoceima et Ouarzazate durant la m\u00eame validit\u00e9, ajoute le communiqu\u00e9.<\/p>\n<p class=\"c5\">Par ailleurs, des fortes rafales de vents (75\/95 km\/h) concerneront, dimanche, les provinces de Al Haouz, Azilal, Beni Mellal, Midelt, Ouarzazate, Taroudant, Tiznit, Sidi Ifni, Nador, Tinghir et Guelmime, conclut le communiqu\u00e9.<\/p>\n<p>Auteur: Soufiane ELAHMAR<br \/>\n<a href=\"http:\/\/www.mapoujda.ma\/fr\/froid-neige-et-fortes-rafales-de-vents-a-partir-de-dimanche\/\">Cliquez ici pour lire l&rsquo;article depuis sa source.<\/a><\/p>\n","protected":false},"excerpt":{"rendered":"<p>Un temps froid, des chutes de neige et des fortes rafales de vents, de niveau orange, sont attendus \u00e0 partir de dimanche dans plusieurs provinces du Royaume, annonce la Direction de la m\u00e9t\u00e9orologie nationale (DMN). Dans un bulletin m\u00e9t\u00e9orologique sp\u00e9cial, la DMN indique que les provinces d\u2019Al Haouz, Azilal, Midelt, Ifrane, Boulmane, Tinghir, les reliefs [&hellip;]<\/p>\n","protected":false},"author":1788,"featured_media":0,"comment_status":"closed","ping_status":"closed","sticky":false,"template":"","format":"standard","meta":{"fifu_image_url":"","fifu_image_alt":"","footnotes":""},"categories":[54,76],"tags":[],"class_list":["post-73316","post","type-post","status-publish","format-standard","hentry","category-maroc","category-regions"],"_links":{"self":[{"href":"https:\/\/linitiative.ca\/International\/wp-json\/wp\/v2\/posts\/73316","targetHints":{"allow":["GET"]}}],"collection":[{"href":"https:\/\/linitiative.ca\/International\/wp-json\/wp\/v2\/posts"}],"about":[{"href":"https:\/\/linitiative.ca\/International\/wp-json\/wp\/v2\/types\/post"}],"author":[{"embeddable":true,"href":"https:\/\/linitiative.ca\/International\/wp-json\/wp\/v2\/users\/1788"}],"replies":[{"embeddable":true,"href":"https:\/\/linitiative.ca\/International\/wp-json\/wp\/v2\/comments?post=73316"}],"version-history":[{"count":0,"href":"https:\/\/linitiative.ca\/International\/wp-json\/wp\/v2\/posts\/73316\/revisions"}],"wp:attachment":[{"href":"https:\/\/linitiative.ca\/International\/wp-json\/wp\/v2\/media?parent=73316"}],"wp:term":[{"taxonomy":"category","embeddable":true,"href":"https:\/\/linitiative.ca\/International\/wp-json\/wp\/v2\/categories?post=73316"},{"taxonomy":"post_tag","embeddable":true,"href":"https:\/\/linitiative.ca\/International\/wp-json\/wp\/v2\/tags?post=73316"}],"curies":[{"name":"wp","href":"https:\/\/api.w.org\/{rel}","templated":true}]}}