{"id":73317,"date":"2020-01-17T06:00:00","date_gmt":"2020-01-17T11:00:00","guid":{"rendered":"https:\/\/linitiative.ca\/International\/wef-que-faut-il-surveiller-en-2020\/"},"modified":"2020-01-17T06:00:00","modified_gmt":"2020-01-17T11:00:00","slug":"wef-que-faut-il-surveiller-en-2020","status":"publish","type":"post","link":"https:\/\/linitiative.ca\/International\/wef-que-faut-il-surveiller-en-2020\/","title":{"rendered":"WEF: Que faut-il surveiller en 2020?"},"content":{"rendered":"<div readability=\"36\">\n<p>Une ann\u00e9e de conflits et de ralentissement \u00e9conomique<\/p>\n<p>L\u2019impact des risques environnementaux<\/p>\n<p>La r\u00e9union de Davos pr\u00e9vue du 21 au 24 janvier en Suisse<\/p>\n<\/div>\n<div readability=\"109\">\n<p class=\"rtejustify\">\u00abLa plan\u00e8te en feu: Des incendies climatiques aux conflits politiques\u00bb, ce titre du rapport \u00abGlobal Risks Report 2020\u00bb(1), \u00e9tabli par le Forum \u00e9conomique mondial (WEF), illustre les risques auxquels serait confront\u00e9 le monde cette ann\u00e9e. A quelques jours de la tenue de la r\u00e9union de Davos, pr\u00e9vue du 21 au 24 janvier en Suisse, ses auteurs pr\u00e9voient une ann\u00e9e de conflits nationaux et internationaux accrus et de ralentissement \u00e9conomique.<\/p>\n<p class=\"rtejustify\">\u00abLes turbulences g\u00e9opolitiques nous poussent vers un monde unilat\u00e9ral, instable, empli de luttes pour le pouvoir\u00bb, \u00e9crivent-ils. De ce fait, la collaboration entre les dirigeants mondiaux, les entreprises et les d\u00e9cideurs est plus que jamais n\u00e9cessaire. Le but est de mettre fin aux terribles menaces qui p\u00e8sent sur les syst\u00e8mes climatiques (cas des violents incendies en Australie), environnementaux, de sant\u00e9 publique et technologiques.<\/p>\n<p class=\"rtejustify\">Plus de 750 experts et d\u00e9cideurs mondiaux ont \u00e9t\u00e9 invit\u00e9s \u00e0 classer leurs plus grandes pr\u00e9occupations en termes de probabilit\u00e9 et d\u2019impact (voir illustration). Pr\u00e8s de 78% ont d\u00e9clar\u00e9 s\u2019attendre \u00e0 ce que les \u00abconfrontations \u00e9conomiques\u00bb et la \u00abpolarisation politique int\u00e9rieure\u00bb augmentent.<\/p>\n<p class=\"rtejustify\">Deux affirmations qui s\u2019av\u00e9reraient catastrophiques, en particulier lorsqu\u2019il s\u2019agit de relever des d\u00e9fis urgents comme la crise li\u00e9e au r\u00e9chauffement climatique, la perte de biodiversit\u00e9 et le d\u00e9clin record des esp\u00e8ces. Le rapport souligne la n\u00e9cessit\u00e9 pour les d\u00e9cideurs politiques de faire correspondre les objectifs de protection de la plan\u00e8te avec ceux de stimulation des \u00e9conomies.<\/p>\n<p class=\"rtejustify\">\u00abLe paysage politique est polaris\u00e9, le niveau des mers monte et les incendies li\u00e9s au r\u00e9chauffement climatique s\u2019\u00e9tendent. Cette ann\u00e9e, les dirigeants mondiaux devront collaborer avec toutes les strates de la soci\u00e9t\u00e9 pour r\u00e9parer et revigorer nos syst\u00e8mes de coop\u00e9ration, non seulement pour en tirer des avantages \u00e0 court terme, mais aussi pour s\u2019attaquer \u00e0 des risques profond\u00e9ment enracin\u00e9s\u00bb, indique B\u00f8rge Brende, pr\u00e9sident du Forum \u00e9conomique mondial.<\/p>\n<p class=\"rtejustify\">Les jeunes g\u00e9n\u00e9rations estiment que l\u2019\u00e9tat de la plan\u00e8te est encore plus alarmant. L\u2019\u00e9tude reprend notamment la perception des risques par ceux qui sont n\u00e9s apr\u00e8s 1980. Ils ont class\u00e9 les risques environnementaux plus haut que n\u2019importe quelle autre personne interrog\u00e9e, aussi bien \u00e0 court terme qu\u2019\u00e0 long terme.<\/p>\n<p class=\"rtejustify\">Pr\u00e8s de 90% des sond\u00e9s pensent que les \u00abvagues de chaleur extr\u00eame\u00bb, la \u00abdestruction des \u00e9cosyst\u00e8mes\u00bb et \u00abl\u2019impact de la pollution sur la sant\u00e9\u00bb empireront en 2020, comparativement \u00e0 77%, 76% et 67% respectivement pour les autres g\u00e9n\u00e9rations. Ils pensent \u00e9galement que l\u2019impact des risques environnementaux deviendra plus catastrophique et plus probable d\u2019ici 2030.<\/p>\n<p class=\"rtejustify\">L\u2019activit\u00e9 humaine a d\u00e9j\u00e0 caus\u00e9 la perte de 83% de tous les mammif\u00e8res sauvages et de la moiti\u00e9 des plantes \u00e0 la base de nos syst\u00e8mes d\u2019alimentation et de sant\u00e9. Peter giger, directeur principal des risques du groupe Zurich Insurance Group, d\u00e9nonce \u00abun besoin urgent d\u2019adaptation afin d\u2019\u00e9viter les impacts les plus graves et irr\u00e9versibles du changement climatique et d\u2019intensifier la protection de la biodiversit\u00e9 de la plan\u00e8te\u2026\u00bb.<\/p>\n<p class=\"rtejustify\">L\u2019\u00e9tude de cette ann\u00e9e se concentre explicitement sur les impacts croissants des in\u00e9galit\u00e9s, les lacunes dans la gouvernance technologique et les syst\u00e8mes de sant\u00e9 sous pression. \u00ab\u2026Gr\u00e2ce aux progr\u00e8s scientifiques, il est maintenant possible de mod\u00e9liser les risques climatiques avec une plus grande pr\u00e9cision et de les int\u00e9grer \u00e0 la gestion des risques et aux plans d\u2019activit\u00e9s. Des \u00e9v\u00e9nements tr\u00e8s m\u00e9diatis\u00e9s, comme les r\u00e9cents incendies de for\u00eat en Australie et en Californie, augmentent la pression sur les entreprises pour qu\u2019elles prennent des mesures en mati\u00e8re de risque climatique \u00e0 un moment o\u00f9 elles sont \u00e9galement confront\u00e9es \u00e0 de plus grands d\u00e9fis g\u00e9opolitiques et de risque cybern\u00e9tique\u2026\u00bb, pr\u00e9cise pour sa part John Drzik, pr\u00e9sident de Marsh &#038; McLennan Insights.<\/p>\n<blockquote readability=\"5\">\n<p class=\"rtecenter\"><strong><span class=\"c4\">Principaux risques pour les 10 prochaines ann\u00e9es<\/span><\/strong><\/p>\n<p><strong>Par probabilit\u00e9:<\/strong><\/p>\n<ul>\n<li class=\"rtejustify\">\u00a0Ev\u00e9nements climatiques extr\u00eames (inondations, temp\u00eates, etc.)<\/li>\n<li class=\"rtejustify\">\u00a0Non-att\u00e9nuation du changement climatique et non-adaptation \u00e0 celui-ci<\/li>\n<li class=\"rtejustify\">\u00a0Catastrophes naturelles majeures (tremblements de terre, tsunamis, \u00e9ruptions volcaniques, orages g\u00e9omagn\u00e9tiques)&#8230;<\/li>\n<li class=\"rtejustify\">\u00a0Perte de biodiversit\u00e9 importante et effondrement des \u00e9cosyst\u00e8mes<\/li>\n<li class=\"rtejustify\">\u00a0Dommages et catastrophes \u00e9cologiques imputables \u00e0 l\u2019homme<\/li>\n<\/ul>\n<p class=\"rtejustify\"><strong>Par gravit\u00e9 d\u2019impact:<\/strong><\/p>\n<ul>\n<li class=\"rtejustify\">\u00a0Non-att\u00e9nuation du changement climatique et non-adaptation \u00e0 celui-ci<\/li>\n<li class=\"rtejustify\">\u00a0Armes de destruction massive<\/li>\n<li class=\"rtejustify\">\u00a0Perte de biodiversit\u00e9 importante et effondrement des \u00e9cosyst\u00e8mes<\/li>\n<li class=\"rtejustify\">\u00a0Ev\u00e9nements climatiques extr\u00eames (inondations, temp\u00eates, etc.)<\/li>\n<li>\u00a0Crises de l\u2019eau.<\/li>\n<\/ul>\n<\/blockquote>\n<blockquote readability=\"5\">\n<p class=\"rtecenter\"><strong><span class=\"c4\">Risques \u00e0 court terme<\/span><br \/><span class=\"c4\">(% des personnes interrog\u00e9es<\/span><br \/><span class=\"c4\">qui estiment que le risque<\/span><br \/><span class=\"c4\">augmentera en 2020)<\/span><\/strong><\/p>\n<ul>\n<li>Confrontations \u00e9conomiques <strong>= 78,5%<\/strong><\/li>\n<li>Polarisation politique int\u00e9rieure = 78,4%<\/li>\n<li>Vagues de chaleur extr\u00eames <strong>= 77,1%<\/strong><\/li>\n<li>Destruction des \u00e9cosyst\u00e8mes de ressources naturelles <strong>= 76,2%<\/strong><\/li>\n<li>Cyberattaques\/infrastructure <strong>= 76,1%.<\/strong><\/li>\n<\/ul>\n<\/blockquote>\n<p class=\"rtejustify\"><em>Fatim-Zahra TOHRY<\/em><\/p>\n<\/div>\n<p>Auteur: hlafriqi<br \/>\n<a href=\"https:\/\/www.leconomiste.com\/article\/1055948-wef-que-faut-il-surveiller-en-2020\">Cliquez ici pour lire l&rsquo;article depuis sa source.<\/a><\/p>\n","protected":false},"excerpt":{"rendered":"<p>Une ann\u00e9e de conflits et de ralentissement \u00e9conomique L\u2019impact des risques environnementaux La r\u00e9union de Davos pr\u00e9vue du 21 au 24 janvier en Suisse \u00abLa plan\u00e8te en feu: Des incendies climatiques aux conflits politiques\u00bb, ce titre du rapport \u00abGlobal Risks Report 2020\u00bb(1), \u00e9tabli par le Forum \u00e9conomique mondial (WEF), illustre les risques auxquels serait confront\u00e9 [&hellip;]<\/p>\n","protected":false},"author":1763,"featured_media":0,"comment_status":"closed","ping_status":"closed","sticky":false,"template":"","format":"standard","meta":{"fifu_image_url":"","fifu_image_alt":"","footnotes":""},"categories":[78,54],"tags":[],"class_list":["post-73317","post","type-post","status-publish","format-standard","hentry","category-economie","category-maroc"],"_links":{"self":[{"href":"https:\/\/linitiative.ca\/International\/wp-json\/wp\/v2\/posts\/73317","targetHints":{"allow":["GET"]}}],"collection":[{"href":"https:\/\/linitiative.ca\/International\/wp-json\/wp\/v2\/posts"}],"about":[{"href":"https:\/\/linitiative.ca\/International\/wp-json\/wp\/v2\/types\/post"}],"author":[{"embeddable":true,"href":"https:\/\/linitiative.ca\/International\/wp-json\/wp\/v2\/users\/1763"}],"replies":[{"embeddable":true,"href":"https:\/\/linitiative.ca\/International\/wp-json\/wp\/v2\/comments?post=73317"}],"version-history":[{"count":0,"href":"https:\/\/linitiative.ca\/International\/wp-json\/wp\/v2\/posts\/73317\/revisions"}],"wp:attachment":[{"href":"https:\/\/linitiative.ca\/International\/wp-json\/wp\/v2\/media?parent=73317"}],"wp:term":[{"taxonomy":"category","embeddable":true,"href":"https:\/\/linitiative.ca\/International\/wp-json\/wp\/v2\/categories?post=73317"},{"taxonomy":"post_tag","embeddable":true,"href":"https:\/\/linitiative.ca\/International\/wp-json\/wp\/v2\/tags?post=73317"}],"curies":[{"name":"wp","href":"https:\/\/api.w.org\/{rel}","templated":true}]}}