{"id":73319,"date":"2020-01-17T06:30:00","date_gmt":"2020-01-17T11:30:00","guid":{"rendered":"https:\/\/linitiative.ca\/International\/marrakech-et-sa-notoriete-mondiale\/"},"modified":"2020-01-17T06:30:00","modified_gmt":"2020-01-17T11:30:00","slug":"marrakech-et-sa-notoriete-mondiale","status":"publish","type":"post","link":"https:\/\/linitiative.ca\/International\/marrakech-et-sa-notoriete-mondiale\/","title":{"rendered":"Marrakech et sa notori\u00e9t\u00e9 mondiale"},"content":{"rendered":"<p class=\"rtejustify\"><em>Exceptionnellement, ce courrier des lecteurs sera int\u00e9gralement consacr\u00e9 \u00e0 un sujet qui a suscit\u00e9 un tr\u00e8s grand nombre de r\u00e9actions. Le sujet \u00e9tant l\u2019avenir touristique de la ville de Marrakech. Un th\u00e8me particuli\u00e8rement strat\u00e9gique pour l\u2019\u00e9conomie du Royaume.<\/em><\/p>\n<div class=\"dnd-atom-wrapper type-image context-sdl_editor_representation\" contenteditable=\"false\">\n<div class=\"dnd-drop-wrapper image\"><img loading=\"lazy\" decoding=\"async\" typeof=\"foaf:Image\" class=\"img-responsive\" src=\"https:\/\/www.leconomiste.com\/sites\/default\/files\/eco7\/public\/thumbnails\/image\/marrakech-tourisme-077_0.jpg\" width=\"660\" height=\"330\" alt=\"marrakech-tourisme-077.jpg\" title=\"marrakech-tourisme-077.jpg\"\/><\/div>\n<\/div>\n<p class=\"rtejustify\">Malgr\u00e9 ses prestigieux h\u00f4tels, Marrakech fait fuir les touristes. La qualit\u00e9 de vie dans la ville ocre se d\u00e9grade au fil des ann\u00e9es. La palme revenant \u00e0 l\u2019ins\u00e9curit\u00e9 de sa m\u00e9dina, ou encore, aux transgressions de certains de ses taxis. Des points noirs qui ont fait r\u00e9agir beaucoup de nos lecteurs au cours de ces derniers jours. <a href=\"https:\/\/leconomiste.com\/archive\/edition\/5670\" target=\"_blank\" rel=\"noopener noreferrer\"><span class=\"c4\"><strong><em>(cf. notre \u00e9dition du 07 \/01 \/2020)\u00a0\u00a0<\/em><\/strong><\/span><\/a><\/p>\n<p class=\"rtejustify\">\u00a0<\/p>\n<p class=\"rtejustify\"><strong>\u25a0 Le royaume des deux roues!<\/strong><br \/>La m\u00e9dina n\u2019est pas adapt\u00e9e aux pi\u00e9tons. Elle est en effet prise d\u2019assaut par des mobylettes. C\u2019est impossible d\u2019arpenter les ruelles de la ville sans \u00eatre contraint d\u2019esquiver sur le c\u00f4t\u00e9 pour \u00e9viter d\u2019\u00eatre renvers\u00e9 par un, voire plusieurs, de ces engins roulant bruyamment et \u00e0 vive allure.<\/p>\n<p class=\"rtejustify\"><em>N.O.<\/em><\/p>\n<p class=\"rtejustify\"><strong>\u25a0 L\u2019anarchie dans toute sa splendeur<\/strong><br \/>Marrakech repr\u00e9sente l\u2019anarchie absolue. La ville est sale et mal entretenue. Elle est m\u00eame victime de vandalisme de son mobilier urbain!\u00a0<\/p>\n<p class=\"rtejustify\"><em>A.A.\u00a0<\/em><\/p>\n<p class=\"rtejustify\"><strong>\u25a0 Du bon et du mauvais<\/strong><br \/>Cette situation est d\u00e9sastreuse et fait mal au c\u0153ur! N\u00e9anmoins, pr\u00e9cisons qu\u2019il existe \u00e9galement des citoyens honn\u00eates qui travaillent avec \u00e9thique et rigueur, ainsi que des chauffeurs de taxis aimables. Par ailleurs, les arnaqueurs sont pr\u00e9sents dans le monde entier\u2026 Il est grand temps que les responsables s\u2019activent pour lutter contre ce fl\u00e9au! Ce n\u2019est que de cette mani\u00e8re que la ville ocre retrouvera ses lettres de noblesse. Car, n\u2019oublions pas que le peuple marocain est connu \u00e0 la base pour \u00eatre l\u2019un des plus accueillants du monde.<\/p>\n<p class=\"rtejustify\"><em>L.A.<\/em><\/p>\n<p class=\"rtejustify\"><strong>\u25a0 Guet-apens<\/strong><br \/>En vacances \u00e0 Marrakech en ce moment m\u00eame, nous avons \u00e9t\u00e9 arnaqu\u00e9s \u00e0 maintes reprises. Il y a quelques jours, nous \u00e9tions \u00e0 la recherche du mus\u00e9e de la photographie en plein c\u0153ur de la m\u00e9dina, lorsqu\u2019un passant nous indique un chemin particulier \u00e0 suivre au bout duquel nous attendaient plusieurs hommes. Les cinq comp\u00e8res nous ont rapidement pris en guet-apens, nous demandant tout notre argent. Nous nous sommes ex\u00e9cut\u00e9s sans trop r\u00e9fl\u00e9chir, envahis par la panique. Choqu\u00e9s par cet incident, nous ne souhaitons plus jamais remettre les pieds dans cet endroit! C\u2019est d\u00e9solant car je demeure persuad\u00e9 qu\u2019il reste des personnes honn\u00eates dans cette ville, dont l\u2019image est de plus en plus ternie par ces \u00e9nergum\u00e8nes.<\/p>\n<p class=\"rtejustify\"><em>E.M.<\/em><\/p>\n<p class=\"rtejustify\"><strong>\u25a0 F\u00e8s et Rabat \u00e9galement touch\u00e9es<\/strong><br \/>Il n\u2019y a pas que Marrakech qui est concern\u00e9e par ces probl\u00e8mes de taille. D&rsquo;autres destinations comme F\u00e8s ou encore Mekn\u00e8s souffrent \u00e9galement des arnaques de taxis et des combines \u00e0 r\u00e9p\u00e9tition des gargotes\u2026 Sans oublier les guides clandestins qui \u00e9tendent leur rayon d&rsquo;action jusque dans les trains ou encore les mendiants qui vous harc\u00e8lent et vous agressent dans tous les espaces publics!<\/p>\n<p class=\"rtejustify\"><em>D.D.<\/em><\/p>\n<div class=\"dnd-atom-wrapper type-image context-sdl_editor_representation\" contenteditable=\"false\">\n<div class=\"dnd-drop-wrapper image\"><img loading=\"lazy\" decoding=\"async\" typeof=\"foaf:Image\" class=\"img-responsive\" src=\"https:\/\/www.leconomiste.com\/sites\/default\/files\/eco7\/public\/thumbnails\/image\/marrakech-tourisme-taxi-077.jpg\" width=\"660\" height=\"330\" alt=\"marrakech-tourisme-taxi-077.jpg\" title=\"marrakech-tourisme-taxi-077.jpg\"\/><\/div>\n<\/div>\n<p class=\"rtejustify\"><strong>\u25a0 Mettre fin \u00e0 l\u2019omerta<\/strong><br \/>Il faut savoir qu\u2019une arnaque peut passer une ou deux fois, mais pas \u00e9ternellement. Lorsque plusieurs victimes prennent l\u2019initiative de raconter leur m\u00e9saventure aux quatre coins du pays, les escroqueries peuvent \u00eatre \u00e9vit\u00e9es! Il faut donc briser le plus vite possible cette omerta et sensibiliser le plus grand nombre \u00e0 ces ph\u00e9nom\u00e8nes qui peuvent toucher chacun d\u2019entre nous! Il en va de la r\u00e9putation de la ville ocre qui aspire \u00e0 devenir une grande capitale culturelle africaine.<\/p>\n<p class=\"rtejustify\"><em>E.L.\u00a0<\/em><\/p>\n<p class=\"rtejustify\"><strong>\u25a0 Un r\u00e9el d\u00e9paysement, malgr\u00e9 tout!<\/strong><br \/>Je me suis rendu pour la premi\u00e8re fois de ma vie en mai dernier \u00e0 Marrakech. J&rsquo;ai ador\u00e9 le d\u00e9paysement qu\u2019offre la ville ainsi que la serviabilit\u00e9 de ses habitants. Nous \u00e9tions log\u00e9s dans un magnifique riad dont le personnel \u00e9tait aux petits soins\u2026 M\u00eame impression positive en ce qui concerne les nombreux restaurants au sein desquels nous avons d\u00een\u00e9. Franchement, je ne comprends pas toutes ces r\u00e9criminations! Certes, ce n\u2019est pas Rome, Berlin ou New York. Mais le spectacle est \u00e0 la hauteur des promesses.<\/p>\n<p class=\"rtejustify\"><em>P.R.<\/em><\/p>\n<p class=\"rtejustify\"><strong>\u25a0 Vivement des motos \u00e9lectriques<\/strong><br \/>Les motos de la ville ocre sont polluantes, g\u00e9n\u00e9ratrices de nuisances sonores et ne respectent jamais le code de la route. Pour rem\u00e9dier \u00e0 cela, il faudrait remplacer les motos \u00abclassiques\u00bb par des deux roues \u00e9lectriques, tout en installant des panneaux solaires dans les parkings d\u00e9di\u00e9s pour pouvoir recharger lesdits v\u00e9hicules. Autre solution qui serait bien utile, installer des cam\u00e9ras de surveillance au niveau de chaque rond point de la ville, et sanctionner s\u00e9v\u00e8rement toute infraction au code de la route.<\/p>\n<p class=\"rtejustify\"><em>U.O.<\/em><\/p>\n<div class=\"dnd-atom-wrapper type-image context-sdl_editor_representation atom-align-right\" contenteditable=\"false\">\n<div class=\"dnd-drop-wrapper image\"><img loading=\"lazy\" decoding=\"async\" typeof=\"foaf:Image\" class=\"img-responsive\" src=\"https:\/\/www.leconomiste.com\/sites\/default\/files\/eco7\/public\/thumbnails\/image\/cari-cl-077.jpg\" width=\"384\" height=\"397\" alt=\"cari-cl-077.jpg\" title=\"cari-cl-077.jpg\"\/><\/div>\n<\/div>\n<p class=\"rtejustify\"><strong>\u25a0\u00a0Des r\u00e8gles de vigilance \u00e0 suivre, religieusement<\/strong><br \/>Lorsqu\u2019on planifie des vacances ou un s\u00e9jour \u00e0 Marrakech, plusieurs r\u00e8gles doivent \u00eatre respect\u00e9es afin d\u2019\u00e9viter tout incident. Tout d\u2019abord, il faut savoir que le prix des petits et des grands taxis est parfaitement indiqu\u00e9 au sein m\u00eame des v\u00e9hicules en question. Ensuite, lorsqu\u2019un touriste veut emprunter un petit taxi en ville, il doit demander au conducteur d\u2019activer le compteur. Si ce dernier refuse, il suffit d\u2019appeler la police et le n\u0153ud du probl\u00e8me se d\u00e9noue. Autre conseil \u00e0 suivre et non des moindres, se r\u00e9f\u00e9rer au guide du routard pour s\u2019informer comme il se doit et \u00e0 l\u2019avance sur les h\u00f4tels, les clubs et les restaurants. Quant \u00e0 ceux qui projettent de se balader dans la m\u00e9dina, ne pas oublier de fermer les poches de son sac, de sortir avec une photocopie de son passeport et non le document lui-m\u00eame, et de conserver son portable toujours du c\u00f4t\u00e9 \u00abimmeuble\u00bb du trottoir. Des r\u00e8gles de s\u00e9curit\u00e9 que l\u2019on pourrait aussi appliquer dans d\u2019autres grandes villes du monde comme Paris ou encore Tokyo.<\/p>\n<p class=\"rtejustify\"><em>M.L.<\/em><\/p>\n<p class=\"rtejustify\"><strong>\u25a0 Pourquoi pas des forums de partage d\u2019exp\u00e9riences?<\/strong><br \/>Pour changer la donne, la Wilaya devrait proposer aux touristes fra\u00eechement arriv\u00e9s dans la ville ocre d\u2019exprimer leur avis \u00e0 travers un outil virtuel de type<br \/>\u00abTripadvisor\u00bb. Objectif: d\u00e9noncer les multiples abus des taxis en n\u2019omettant pas de mentionner clairement leur num\u00e9ro d\u2019identification. Une d\u00e9marche qui n\u2019exclut pas non plus d\u2019\u00e9mettre des remarques positives!\u00a0 \u00a0\u00a0 \u00a0\u00a0\u00a0 \u00a0\u00a0\u00a0\u00a0<br \/><em>\u00a0L.E.<\/em><\/p>\n<p class=\"rtejustify\">\u00a0<\/p>\n<p class=\"rtejustify\">\u00a0<\/p>\n<p class=\"rtejustify\">\u00a0<\/p>\n<p class=\"rtejustify\">\u00a0<\/p>\n<p class=\"rtejustify\">\u00a0<\/p>\n<p>Auteur: hlafriqi<br \/>\n<a href=\"https:\/\/www.leconomiste.com\/article\/1055951-marrakech-et-sa-notoriete-mondiale\">Cliquez ici pour lire l&rsquo;article depuis sa source.<\/a><\/p>\n","protected":false},"excerpt":{"rendered":"<p>Exceptionnellement, ce courrier des lecteurs sera int\u00e9gralement consacr\u00e9 \u00e0 un sujet qui a suscit\u00e9 un tr\u00e8s grand nombre de r\u00e9actions. Le sujet \u00e9tant l\u2019avenir touristique de la ville de Marrakech. Un th\u00e8me particuli\u00e8rement strat\u00e9gique pour l\u2019\u00e9conomie du Royaume. Malgr\u00e9 ses prestigieux h\u00f4tels, Marrakech fait fuir les touristes. La qualit\u00e9 de vie dans la ville ocre [&hellip;]<\/p>\n","protected":false},"author":1763,"featured_media":73320,"comment_status":"closed","ping_status":"closed","sticky":false,"template":"","format":"standard","meta":{"fifu_image_url":"","fifu_image_alt":"","footnotes":""},"categories":[78,54],"tags":[],"class_list":["post-73319","post","type-post","status-publish","format-standard","has-post-thumbnail","hentry","category-economie","category-maroc"],"_links":{"self":[{"href":"https:\/\/linitiative.ca\/International\/wp-json\/wp\/v2\/posts\/73319","targetHints":{"allow":["GET"]}}],"collection":[{"href":"https:\/\/linitiative.ca\/International\/wp-json\/wp\/v2\/posts"}],"about":[{"href":"https:\/\/linitiative.ca\/International\/wp-json\/wp\/v2\/types\/post"}],"author":[{"embeddable":true,"href":"https:\/\/linitiative.ca\/International\/wp-json\/wp\/v2\/users\/1763"}],"replies":[{"embeddable":true,"href":"https:\/\/linitiative.ca\/International\/wp-json\/wp\/v2\/comments?post=73319"}],"version-history":[{"count":0,"href":"https:\/\/linitiative.ca\/International\/wp-json\/wp\/v2\/posts\/73319\/revisions"}],"wp:featuredmedia":[{"embeddable":true,"href":"https:\/\/linitiative.ca\/International\/wp-json\/"}],"wp:attachment":[{"href":"https:\/\/linitiative.ca\/International\/wp-json\/wp\/v2\/media?parent=73319"}],"wp:term":[{"taxonomy":"category","embeddable":true,"href":"https:\/\/linitiative.ca\/International\/wp-json\/wp\/v2\/categories?post=73319"},{"taxonomy":"post_tag","embeddable":true,"href":"https:\/\/linitiative.ca\/International\/wp-json\/wp\/v2\/tags?post=73319"}],"curies":[{"name":"wp","href":"https:\/\/api.w.org\/{rel}","templated":true}]}}