{"id":73323,"date":"2020-01-17T15:14:56","date_gmt":"2020-01-17T20:14:56","guid":{"rendered":"https:\/\/linitiative.ca\/International\/international-bahlouli-recale-par-lyon-duchere\/"},"modified":"2020-01-17T15:14:56","modified_gmt":"2020-01-17T20:14:56","slug":"international-bahlouli-recale-par-lyon-duchere","status":"publish","type":"post","link":"https:\/\/linitiative.ca\/International\/international-bahlouli-recale-par-lyon-duchere\/","title":{"rendered":"International : Bahlouli recal\u00e9 par Lyon-Duch\u00e8re"},"content":{"rendered":"<div readability=\"32\">\n<p>Auteur : <span class=\"time\">vendredi 17 janvier 2020 17:27<\/span><\/p>\n<\/div>\n<div id=\"post_core\" readability=\"41\">\n<p>Lib\u00e9r\u00e9 de son contrat par Lille, Far\u00e8s Bahlouli (24 ans) a r\u00e9cemment \u00e9t\u00e9 approch\u00e9 par Lyon-Duch\u00e8re, pensionnaire de National qui se bat pour la mont\u00e9e en Ligue 2. Mais le milieu offensif ne rejoindra finalement pas le club de sa r\u00e9gion natale. En effet, selon les informations du Progr\u00e8s, le joueur form\u00e9 \u00e0 l&rsquo;Olympique Lyonnais, qui n&rsquo;a plus disput\u00e9 le moindre match depuis avril 2018, a \u00e9t\u00e9 recal\u00e9 \u00e0 la visite m\u00e9dicale rapporte Maxifoot.fr.<\/p>\n<p><strong>Publi\u00e9 dans :<\/strong> <span>Bahlouli<\/span><\/p>\n<\/div>\n<p>Auteur:<br \/>\n<a href=\"http:\/\/www.lebuteur.com\/article\/detail?titre=bahlouli-recale-par-lyon-duchere&#038;id=94223&#038;utm_source=feedburner&#038;utm_medium=feed&#038;utm_campaign=Feed%3A+GalerieFArtciles+%28Les+derniers+articles++-+lebuteur.com%29\">Cliquez ici pour lire l&rsquo;article depuis sa source.<\/a><\/p>\n","protected":false},"excerpt":{"rendered":"<p>Auteur : vendredi 17 janvier 2020 17:27 Lib\u00e9r\u00e9 de son contrat par Lille, Far\u00e8s Bahlouli (24 ans) a r\u00e9cemment \u00e9t\u00e9 approch\u00e9 par Lyon-Duch\u00e8re, pensionnaire de National qui se bat pour la mont\u00e9e en Ligue 2. Mais le milieu offensif ne rejoindra finalement pas le club de sa r\u00e9gion natale. En effet, selon les informations du [&hellip;]<\/p>\n","protected":false},"author":1738,"featured_media":73324,"comment_status":"closed","ping_status":"closed","sticky":false,"template":"","format":"standard","meta":{"fifu_image_url":"","fifu_image_alt":"","footnotes":""},"categories":[53,75],"tags":[],"class_list":["post-73323","post","type-post","status-publish","format-standard","has-post-thumbnail","hentry","category-algerie","category-sport"],"_links":{"self":[{"href":"https:\/\/linitiative.ca\/International\/wp-json\/wp\/v2\/posts\/73323","targetHints":{"allow":["GET"]}}],"collection":[{"href":"https:\/\/linitiative.ca\/International\/wp-json\/wp\/v2\/posts"}],"about":[{"href":"https:\/\/linitiative.ca\/International\/wp-json\/wp\/v2\/types\/post"}],"author":[{"embeddable":true,"href":"https:\/\/linitiative.ca\/International\/wp-json\/wp\/v2\/users\/1738"}],"replies":[{"embeddable":true,"href":"https:\/\/linitiative.ca\/International\/wp-json\/wp\/v2\/comments?post=73323"}],"version-history":[{"count":0,"href":"https:\/\/linitiative.ca\/International\/wp-json\/wp\/v2\/posts\/73323\/revisions"}],"wp:featuredmedia":[{"embeddable":true,"href":"https:\/\/linitiative.ca\/International\/wp-json\/"}],"wp:attachment":[{"href":"https:\/\/linitiative.ca\/International\/wp-json\/wp\/v2\/media?parent=73323"}],"wp:term":[{"taxonomy":"category","embeddable":true,"href":"https:\/\/linitiative.ca\/International\/wp-json\/wp\/v2\/categories?post=73323"},{"taxonomy":"post_tag","embeddable":true,"href":"https:\/\/linitiative.ca\/International\/wp-json\/wp\/v2\/tags?post=73323"}],"curies":[{"name":"wp","href":"https:\/\/api.w.org\/{rel}","templated":true}]}}