{"id":73325,"date":"2020-01-17T15:14:57","date_gmt":"2020-01-17T20:14:57","guid":{"rendered":"https:\/\/linitiative.ca\/International\/ligue-1-2-officiel-velud-nest-plus-lentraineur-de-la-jsk\/"},"modified":"2020-01-17T15:14:57","modified_gmt":"2020-01-17T20:14:57","slug":"ligue-1-2-officiel-velud-nest-plus-lentraineur-de-la-jsk","status":"publish","type":"post","link":"https:\/\/linitiative.ca\/International\/ligue-1-2-officiel-velud-nest-plus-lentraineur-de-la-jsk\/","title":{"rendered":"Ligue 1 &amp; 2 : (Officiel) Velud n\u2019est plus l\u2019entra\u00eeneur de la JSK"},"content":{"rendered":"<div readability=\"32\">\n<p>Auteur : <span>Riad O.<\/span> <span class=\"time\">vendredi 17 janvier 2020 17:50<\/span><\/p>\n<\/div>\n<div id=\"post_core\" readability=\"44\">\n<p>Hubert Velud n\u2019est plus l\u2019entra\u00eeneur de la JSK. Une s\u00e9paration \u00e0 l\u2019amiable a \u00e9t\u00e9 conclue entre la direction du club et le technicien fran\u00e7ais: \u00abLe coach, Hubert Velud, n\u2019est plus l\u2019entra\u00eeneur de la JS Kabylie. Cons\u00e9cutivement \u00e0 une r\u00e9union organis\u00e9e entre les dirigeants du club et Hubert Velud, il a \u00e9t\u00e9 d\u00e9cid\u00e9 de mettre fin de mani\u00e8re amiable \u00e0 la collaboration entre la JSK et son entra\u00eeneur principal.\u00bb a indiqu\u00e9 la direction sur la page facebook de la JSK.<\/p>\n<p><strong>Chay et Karouf pour assurer l\u2019int\u00e9rim<\/strong><\/p>\n<p>La direction a \u00e9galement pr\u00e9cis\u00e9 que\u00a0\u00abJean Yves Chay accompagn\u00e9 de Mourad Karouf assurera l&rsquo;int\u00e9rim \u00e0 la t\u00eate du staff technique des Jaunes &#038; Verts. Samir Djouder et Omar Hamenad conservent leurs postes.\u00bb lit-on sur la page facebook de la JSK.<\/p>\n<p><strong>Publi\u00e9 dans :<\/strong> <span>JSK<\/span><\/p>\n<\/div>\n<p>Auteur:<br \/>\n<a href=\"http:\/\/www.lebuteur.com\/article\/detail?titre=officiel-velud-nest-plus-lentraineur-de-la-jsk&#038;id=94224&#038;utm_source=feedburner&#038;utm_medium=feed&#038;utm_campaign=Feed%3A+GalerieFArtciles+%28Les+derniers+articles++-+lebuteur.com%29\">Cliquez ici pour lire l&rsquo;article depuis sa source.<\/a><\/p>\n","protected":false},"excerpt":{"rendered":"<p>Auteur : Riad O. vendredi 17 janvier 2020 17:50 Hubert Velud n\u2019est plus l\u2019entra\u00eeneur de la JSK. Une s\u00e9paration \u00e0 l\u2019amiable a \u00e9t\u00e9 conclue entre la direction du club et le technicien fran\u00e7ais: \u00abLe coach, Hubert Velud, n\u2019est plus l\u2019entra\u00eeneur de la JS Kabylie. Cons\u00e9cutivement \u00e0 une r\u00e9union organis\u00e9e entre les dirigeants du club et [&hellip;]<\/p>\n","protected":false},"author":1738,"featured_media":73326,"comment_status":"closed","ping_status":"closed","sticky":false,"template":"","format":"standard","meta":{"fifu_image_url":"","fifu_image_alt":"","footnotes":""},"categories":[53,75],"tags":[],"class_list":["post-73325","post","type-post","status-publish","format-standard","has-post-thumbnail","hentry","category-algerie","category-sport"],"_links":{"self":[{"href":"https:\/\/linitiative.ca\/International\/wp-json\/wp\/v2\/posts\/73325","targetHints":{"allow":["GET"]}}],"collection":[{"href":"https:\/\/linitiative.ca\/International\/wp-json\/wp\/v2\/posts"}],"about":[{"href":"https:\/\/linitiative.ca\/International\/wp-json\/wp\/v2\/types\/post"}],"author":[{"embeddable":true,"href":"https:\/\/linitiative.ca\/International\/wp-json\/wp\/v2\/users\/1738"}],"replies":[{"embeddable":true,"href":"https:\/\/linitiative.ca\/International\/wp-json\/wp\/v2\/comments?post=73325"}],"version-history":[{"count":0,"href":"https:\/\/linitiative.ca\/International\/wp-json\/wp\/v2\/posts\/73325\/revisions"}],"wp:featuredmedia":[{"embeddable":true,"href":"https:\/\/linitiative.ca\/International\/wp-json\/"}],"wp:attachment":[{"href":"https:\/\/linitiative.ca\/International\/wp-json\/wp\/v2\/media?parent=73325"}],"wp:term":[{"taxonomy":"category","embeddable":true,"href":"https:\/\/linitiative.ca\/International\/wp-json\/wp\/v2\/categories?post=73325"},{"taxonomy":"post_tag","embeddable":true,"href":"https:\/\/linitiative.ca\/International\/wp-json\/wp\/v2\/tags?post=73325"}],"curies":[{"name":"wp","href":"https:\/\/api.w.org\/{rel}","templated":true}]}}