{"id":73329,"date":"2020-01-17T15:15:02","date_gmt":"2020-01-17T20:15:02","guid":{"rendered":"https:\/\/linitiative.ca\/International\/afrique-liverpool-la-programmation-de-la-can-2021-est-une-catastrophe-selon-klopp\/"},"modified":"2020-01-17T15:15:02","modified_gmt":"2020-01-17T20:15:02","slug":"afrique-liverpool-la-programmation-de-la-can-2021-est-une-catastrophe-selon-klopp","status":"publish","type":"post","link":"https:\/\/linitiative.ca\/International\/afrique-liverpool-la-programmation-de-la-can-2021-est-une-catastrophe-selon-klopp\/","title":{"rendered":"Afrique : Liverpool : La programmation de la CAN 2021 est une catastrophe selon Klopp"},"content":{"rendered":"<div readability=\"32\">\n<p>Auteur : <span class=\"time\">vendredi 17 janvier 2020 19:39<\/span><\/p>\n<\/div>\n<div id=\"post_core\" readability=\"104\">\n<p>Et Klopp a \u00e9t\u00e9 d\u00e9\u00e7u par la FIFA de ne pas avoir communiqu\u00e9 avec les clubs et les entra\u00eeneurs lors de la prise de d\u00e9cision concernant les horaires, affirmant que les joueurs et leur bien-\u00eatre n&rsquo;\u00e9taient pas pris en compte.<\/p>\n<p>\u00ab\u00a0Vous voulez vraiment ouvrir ce sujet maintenant ? Donc, je ne pourrais pas respecter la Coupe d&rsquo;Afrique des Nations plus que je ne le fais parce que j&rsquo;aime la comp\u00e9tition\u00a0\u00bb, a d\u00e9clar\u00e9 le technicien allemand ce vendredi en conf\u00e9rence de presse.<\/p>\n<p>\u00ab\u00a0Je l&rsquo;ai beaucoup regard\u00e9 par le pass\u00e9, un tournoi tr\u00e8s int\u00e9ressant, des circonstances tr\u00e8s difficiles de nombreuses fois et les joueurs, ce qu&rsquo;ils en font, des joueurs sensationnels. Mais c&rsquo;est un probl\u00e8me \u00e9vident que vous jouiez un tournoi en milieu de saison, m\u00eame s&rsquo;il est plus logique pour l&rsquo;Afrique de le jouer en hiver, quand le temps est meilleur pour eux &#8211; je comprends \u00e7a. Le seul probl\u00e8me, c&rsquo;est que c&rsquo;est un probl\u00e8me g\u00e9n\u00e9ral.<\/p>\n<p>\u00ab\u00a0Il y a deux choses qui ne vont pas : d&rsquo;abord, la FIFA pr\u00e9voit un tournoi \u00e0 l&rsquo;\u00e9t\u00e9 2021 [la Coupe du Monde des Clubs], une semaine plus tard, la v\u00e9ritable Coupe d&rsquo;Afrique des Nations aurait commenc\u00e9 je pense, ou peut-\u00eatre deux semaines plus tard, un autre tournoi pour beaucoup de joueurs de classe mondiale. J&rsquo;ai d\u00e9j\u00e0 mentionn\u00e9 cela dans le pass\u00e9.<\/p>\n<p>\u00ab\u00a0Je ne sais pas si cela faisait partie de la d\u00e9cision lorsqu&rsquo;ils se sont dit &lsquo;d&rsquo;accord, \u00e7a n&rsquo;a pas de sens de jouer apr\u00e8s ce tournoi, \u00e7a a du sens de jouer en hiver&rsquo;, ou si le temps \u00e9tait la vraie [raison]. \u00c7a veut dire un autre tournoi, c&rsquo;est encore trop de tournois. C&rsquo;est une premi\u00e8re chose.<\/p>\n<p>\u00ab\u00a0La deuxi\u00e8me, c&rsquo;est que \u00e7a n&rsquo;aide pas les joueurs africains. Nous ne vendrons pas Sadio [Man\u00e9], Mo [Mohamed Salah] ou Naby [Keita] maintenant parce qu&rsquo;ils ont un tournoi en janvier et f\u00e9vrier &#8211; bien s\u00fbr que non &#8211; mais si vous devez prendre une d\u00e9cision pour faire venir un joueur, c&rsquo;est une d\u00e9cision \u00e9norme parce qu&rsquo;avant la saison, vous savez que pendant quatre semaines, vous ne les avez pas.\u00a0\u00bb<\/p>\n<p>\u00ab\u00a0C&rsquo;est un processus normal et en tant que club, vous devez penser \u00e0 ces choses. \u00c7a n&rsquo;aide pas les joueurs, c&rsquo;est s\u00fbr. Mais ces d\u00e9cisions sont prises sans demander aux joueurs, sans demander aux managers, sans demander \u00e0 personne. C&rsquo;est juste une d\u00e9cision.<\/p>\n<p>\u00ab\u00a0C&rsquo;est la FIFA qui devrait r\u00e9gler tout cela en tant que responsable de toutes les diff\u00e9rentes associations. Je ne connais pas les chiffres exacts, mais \u00e7a doit \u00eatre beaucoup d&rsquo;argent pour tous les clubs concern\u00e9s.<\/p>\n<p>\u00ab\u00a0Mais je ne pense pas que ce soit juste un probl\u00e8me pour ce pays : Les championnats d&rsquo;Europe, les championnats du monde, c&rsquo;est comme si personne ne pouvait vivre sans \u00e7a, c&rsquo;est un droit naturel d&rsquo;avoir \u00e7a mais on oublie que ces tournois sont jou\u00e9s par des joueurs, ils n&rsquo;ont pas de r\u00e9pit.\u00a0\u00bb Des propos relay\u00e9s par Goal.<\/p>\n<p><strong>Publi\u00e9 dans :<\/strong> <span>Klopp<\/span><\/p>\n<\/div>\n<p>Auteur:<br \/>\n<a href=\"http:\/\/www.lebuteur.com\/article\/detail?titre=liverpool-la-programmation-de-la-can-2021-est-une-catastrophe-selon-klopp&#038;id=94226&#038;utm_source=feedburner&#038;utm_medium=feed&#038;utm_campaign=Feed%3A+GalerieFArtciles+%28Les+derniers+articles++-+lebuteur.com%29\">Cliquez ici pour lire l&rsquo;article depuis sa source.<\/a><\/p>\n","protected":false},"excerpt":{"rendered":"<p>Auteur : vendredi 17 janvier 2020 19:39 Et Klopp a \u00e9t\u00e9 d\u00e9\u00e7u par la FIFA de ne pas avoir communiqu\u00e9 avec les clubs et les entra\u00eeneurs lors de la prise de d\u00e9cision concernant les horaires, affirmant que les joueurs et leur bien-\u00eatre n&rsquo;\u00e9taient pas pris en compte. \u00ab\u00a0Vous voulez vraiment ouvrir ce sujet maintenant ? [&hellip;]<\/p>\n","protected":false},"author":1738,"featured_media":73330,"comment_status":"closed","ping_status":"closed","sticky":false,"template":"","format":"standard","meta":{"fifu_image_url":"","fifu_image_alt":"","footnotes":""},"categories":[53,75],"tags":[],"class_list":["post-73329","post","type-post","status-publish","format-standard","has-post-thumbnail","hentry","category-algerie","category-sport"],"_links":{"self":[{"href":"https:\/\/linitiative.ca\/International\/wp-json\/wp\/v2\/posts\/73329","targetHints":{"allow":["GET"]}}],"collection":[{"href":"https:\/\/linitiative.ca\/International\/wp-json\/wp\/v2\/posts"}],"about":[{"href":"https:\/\/linitiative.ca\/International\/wp-json\/wp\/v2\/types\/post"}],"author":[{"embeddable":true,"href":"https:\/\/linitiative.ca\/International\/wp-json\/wp\/v2\/users\/1738"}],"replies":[{"embeddable":true,"href":"https:\/\/linitiative.ca\/International\/wp-json\/wp\/v2\/comments?post=73329"}],"version-history":[{"count":0,"href":"https:\/\/linitiative.ca\/International\/wp-json\/wp\/v2\/posts\/73329\/revisions"}],"wp:featuredmedia":[{"embeddable":true,"href":"https:\/\/linitiative.ca\/International\/wp-json\/"}],"wp:attachment":[{"href":"https:\/\/linitiative.ca\/International\/wp-json\/wp\/v2\/media?parent=73329"}],"wp:term":[{"taxonomy":"category","embeddable":true,"href":"https:\/\/linitiative.ca\/International\/wp-json\/wp\/v2\/categories?post=73329"},{"taxonomy":"post_tag","embeddable":true,"href":"https:\/\/linitiative.ca\/International\/wp-json\/wp\/v2\/tags?post=73329"}],"curies":[{"name":"wp","href":"https:\/\/api.w.org\/{rel}","templated":true}]}}