{"id":73337,"date":"2020-01-17T04:36:20","date_gmt":"2020-01-17T09:36:20","guid":{"rendered":"https:\/\/linitiative.ca\/International\/100253-futsal-can-2020-la-faf-s-oppose-a-la-domiciliation-du-tournoi-dans-la-ville-de-laayoune-occupee\/"},"modified":"2020-01-17T04:36:20","modified_gmt":"2020-01-17T09:36:20","slug":"100253-futsal-can-2020-la-faf-s-oppose-a-la-domiciliation-du-tournoi-dans-la-ville-de-laayoune-occupee","status":"publish","type":"post","link":"https:\/\/linitiative.ca\/International\/100253-futsal-can-2020-la-faf-s-oppose-a-la-domiciliation-du-tournoi-dans-la-ville-de-laayoune-occupee\/","title":{"rendered":"Futsal: la FAF s&rsquo;oppose \u00e0 la domiciliation du tournoi dans la ville de La\u00e2youne occup\u00e9e"},"content":{"rendered":"<div readability=\"36\">\n<p><strong>ALGER- La F\u00e9d\u00e9ration alg\u00e9rienne de football (FAF) a adress\u00e9 une lettre au pr\u00e9sident de la Conf\u00e9d\u00e9ration africaine de football (CAF) dans laquelle elle \u00ab\u00a0d\u00e9nonce et s\u2019oppose\u00a0\u00bb \u00e0 la domiciliation de la Coupe d&rsquo;Afrique des nations de futsal 2020 (28 janvier &#8211; 7 f\u00e9vrier) par le Maroc dans la ville occup\u00e9e de La\u00e2youne \u00ab\u00a0qui rel\u00e8ve du territoire de la R\u00e9publique arabe sahraouie d\u00e9mocratique (RASD)\u00a0\u00bb, a annonc\u00e9 l&rsquo;instance f\u00e9d\u00e9rale vendredi dans un communiqu\u00e9 publi\u00e9 sur son site officiel.<\/strong><\/p>\n<\/div>\n<div readability=\"65\">\n<p>La FAF a menac\u00e9 de ne pas prendre part \u00ab\u00a0aux festivit\u00e9s du 63e anniversaire (8 f\u00e9vrier prochain) de la CAF s\u2019il advient qu\u2019elle soit invit\u00e9e, en marge de la tenue de la r\u00e9union du Comit\u00e9 Ex\u00e9cutif de l\u2019instance du football africain\u00a0\u00bb.<\/p>\n<blockquote readability=\"10\">\n<p><em><strong>Elle a rappel\u00e9 que \u00ab\u00a0la CAF a toujours \u00e9t\u00e9 aux avant-postes des valeurs universelles et avait vaillamment lutt\u00e9 contre toute forme de colonisation, \u00e0 commencer par le r\u00e9gime de l\u2019apartheid en Afrique du Sud\u00a0\u00bb, qualifiant cette d\u00e9cision \u00ab\u00a0\u00e0 connotation politique\u00a0\u00bb et consid\u00e9rant \u00ab\u00a0qu\u2019un tel \u00e9v\u00e9nement pr\u00f4ne la division au sein de la famille de la CAF\u00a0\u00bb.<\/strong><\/em><\/p>\n<\/blockquote>\n<p>La FAF a appel\u00e9 la CAF \u00e0 ce que \u00ab\u00a0la domiciliation des \u00e9v\u00e9nements cit\u00e9s pr\u00e9c\u00e9demment dans la ville occup\u00e9e de La\u00e2youne soit reconsid\u00e9r\u00e9e, pour ne pas cautionner la politique du fait accompli, et r\u00e9it\u00e8re sa parfaite position toujours en ad\u00e9quation avec les vertus que l\u2019Alg\u00e9rie a, de tout temps, d\u00e9fendues\u00a0\u00bb.<\/p>\n<p>L&rsquo;Alg\u00e9rie embo\u00eete ainsi le pas \u00e0 l&rsquo;Afrique du Sud qui a fait part de sa d\u00e9cision de boycotter ce rendez-vous par le biais du pr\u00e9sident de sa F\u00e9d\u00e9ration de football (SAFA) Danny Jordaan, membre du Comit\u00e9 Ex\u00e9cutif et 3e vice-pr\u00e9sident de la CAF.<\/p>\n<blockquote readability=\"10\">\n<p><em><strong>\u00ab\u00a0Nous devons nous retirer de la CAN de futsal en raison des probl\u00e8mes avec le Maroc et la R\u00e9publique arabe sahraouie. Le Maroc insiste pour y organiser le tournoi (\u00e0 La\u00e2youne) et nous leur avons conseill\u00e9 de ne pas le faire, mais ils n\u2019\u00e9couteront pas. La position de notre gouvernement est que La\u00e2youne est une zone contest\u00e9e et un territoire occup\u00e9\u00a0\u00bb, a-t-il indiqu\u00e9.<\/strong><\/em><\/p>\n<\/blockquote>\n<p>\u00ab\u00a0Nous sommes conscients du risque d\u2019amende qu\u2019inflige la CAF et d&rsquo;autres r\u00e9percussions faisant suite \u00e0 notre d\u00e9cision\u00a0\u00bb, mais \u00ab\u00a0le Maroc reste une puissance occupante au Sahara occidental, ill\u00e9galement, et le gouvernement sud-africain ne reconna\u00eet jamais la souverainet\u00e9 du Maroc sur le Sahara occidental\u00a0\u00bb, selon la m\u00eame source.<\/p>\n<\/div>\n<p>Auteur:<br \/>\n<a href=\"http:\/\/www.aps.dz\/sport\/100253-futsal-can-2020-la-faf-s-oppose-a-la-domiciliation-du-tournoi-dans-la-ville-de-laayoune-occupee?utm_source=feedburner&#038;utm_medium=feed&#038;utm_campaign=Feed%3A+aps-sport+%28APS+-+SPORT%29\">Cliquez ici pour lire l&rsquo;article depuis sa source.<\/a><\/p>\n","protected":false},"excerpt":{"rendered":"<p>ALGER- La F\u00e9d\u00e9ration alg\u00e9rienne de football (FAF) a adress\u00e9 une lettre au pr\u00e9sident de la Conf\u00e9d\u00e9ration africaine de football (CAF) dans laquelle elle \u00ab\u00a0d\u00e9nonce et s\u2019oppose\u00a0\u00bb \u00e0 la domiciliation de la Coupe d&rsquo;Afrique des nations de futsal 2020 (28 janvier &#8211; 7 f\u00e9vrier) par le Maroc dans la ville occup\u00e9e de La\u00e2youne \u00ab\u00a0qui rel\u00e8ve du [&hellip;]<\/p>\n","protected":false},"author":1790,"featured_media":0,"comment_status":"closed","ping_status":"closed","sticky":false,"template":"","format":"standard","meta":{"fifu_image_url":"","fifu_image_alt":"","footnotes":""},"categories":[53,75],"tags":[],"class_list":["post-73337","post","type-post","status-publish","format-standard","hentry","category-algerie","category-sport"],"_links":{"self":[{"href":"https:\/\/linitiative.ca\/International\/wp-json\/wp\/v2\/posts\/73337","targetHints":{"allow":["GET"]}}],"collection":[{"href":"https:\/\/linitiative.ca\/International\/wp-json\/wp\/v2\/posts"}],"about":[{"href":"https:\/\/linitiative.ca\/International\/wp-json\/wp\/v2\/types\/post"}],"author":[{"embeddable":true,"href":"https:\/\/linitiative.ca\/International\/wp-json\/wp\/v2\/users\/1790"}],"replies":[{"embeddable":true,"href":"https:\/\/linitiative.ca\/International\/wp-json\/wp\/v2\/comments?post=73337"}],"version-history":[{"count":0,"href":"https:\/\/linitiative.ca\/International\/wp-json\/wp\/v2\/posts\/73337\/revisions"}],"wp:attachment":[{"href":"https:\/\/linitiative.ca\/International\/wp-json\/wp\/v2\/media?parent=73337"}],"wp:term":[{"taxonomy":"category","embeddable":true,"href":"https:\/\/linitiative.ca\/International\/wp-json\/wp\/v2\/categories?post=73337"},{"taxonomy":"post_tag","embeddable":true,"href":"https:\/\/linitiative.ca\/International\/wp-json\/wp\/v2\/tags?post=73337"}],"curies":[{"name":"wp","href":"https:\/\/api.w.org\/{rel}","templated":true}]}}