{"id":73341,"date":"2020-01-17T10:48:00","date_gmt":"2020-01-17T15:48:00","guid":{"rendered":"https:\/\/linitiative.ca\/International\/adrar-un-adolescent-se-suicide-a-ksar-seguia\/"},"modified":"2020-01-17T10:48:00","modified_gmt":"2020-01-17T15:48:00","slug":"adrar-un-adolescent-se-suicide-a-ksar-seguia","status":"publish","type":"post","link":"https:\/\/linitiative.ca\/International\/adrar-un-adolescent-se-suicide-a-ksar-seguia\/","title":{"rendered":"ADRAR : Un adolescent se suicide \u00e0 Ksar S\u00e9guia"},"content":{"rendered":"<p><br id=\"sep_para_1\" class=\"sep_para access\"\/><\/p>\n<div id=\"para_1\" class=\"para_35054956 resize\">\n<div class=\"texte access firstletter\">La population de Ksar S\u00e9guia, une localit\u00e9 relevant de la commune de Talmine, 250 km au nord d\u2019Adrar, est en \u00e9moi. Un adolescent se serait donn\u00e9 la mort en se pendant \u00e0 l\u2019int\u00e9rieur du domicile familial sis dans cette paisible localit\u00e9 du grand sud. Selon une source proche de la famille, cet adolescent n\u2019aurait toujours pas accept\u00e9 le fait qu\u2019il redouble la classe de 4\u00e8me ann\u00e9e d\u2019enseignement moyen. La gendarmerie territorialement comp\u00e9tente a ouvert une enqu\u00eate pour d\u00e9terminer les causes et circonstances de cet acte d\u00e9sesp\u00e9r\u00e9.\u00a0\u00a0\u00a0\u00a0\u00a0<\/div>\n<\/div>\n<p>Auteur: Ahmed Messaoud<br \/>\n<a href=\"https:\/\/www.reflexiondz.net\/ADRAR-Un-adolescent-se-suicide-a-Ksar-Seguia_a60031.html\">Cliquez ici pour lire l&rsquo;article depuis sa source.<\/a><\/p>\n","protected":false},"excerpt":{"rendered":"<p>La population de Ksar S\u00e9guia, une localit\u00e9 relevant de la commune de Talmine, 250 km au nord d\u2019Adrar, est en \u00e9moi. Un adolescent se serait donn\u00e9 la mort en se pendant \u00e0 l\u2019int\u00e9rieur du domicile familial sis dans cette paisible localit\u00e9 du grand sud. Selon une source proche de la famille, cet adolescent n\u2019aurait toujours [&hellip;]<\/p>\n","protected":false},"author":1740,"featured_media":0,"comment_status":"closed","ping_status":"closed","sticky":false,"template":"","format":"standard","meta":{"fifu_image_url":"","fifu_image_alt":"","footnotes":""},"categories":[53,76],"tags":[],"class_list":["post-73341","post","type-post","status-publish","format-standard","hentry","category-algerie","category-regions"],"_links":{"self":[{"href":"https:\/\/linitiative.ca\/International\/wp-json\/wp\/v2\/posts\/73341","targetHints":{"allow":["GET"]}}],"collection":[{"href":"https:\/\/linitiative.ca\/International\/wp-json\/wp\/v2\/posts"}],"about":[{"href":"https:\/\/linitiative.ca\/International\/wp-json\/wp\/v2\/types\/post"}],"author":[{"embeddable":true,"href":"https:\/\/linitiative.ca\/International\/wp-json\/wp\/v2\/users\/1740"}],"replies":[{"embeddable":true,"href":"https:\/\/linitiative.ca\/International\/wp-json\/wp\/v2\/comments?post=73341"}],"version-history":[{"count":0,"href":"https:\/\/linitiative.ca\/International\/wp-json\/wp\/v2\/posts\/73341\/revisions"}],"wp:attachment":[{"href":"https:\/\/linitiative.ca\/International\/wp-json\/wp\/v2\/media?parent=73341"}],"wp:term":[{"taxonomy":"category","embeddable":true,"href":"https:\/\/linitiative.ca\/International\/wp-json\/wp\/v2\/categories?post=73341"},{"taxonomy":"post_tag","embeddable":true,"href":"https:\/\/linitiative.ca\/International\/wp-json\/wp\/v2\/tags?post=73341"}],"curies":[{"name":"wp","href":"https:\/\/api.w.org\/{rel}","templated":true}]}}