{"id":73342,"date":"2020-01-17T10:56:00","date_gmt":"2020-01-17T15:56:00","guid":{"rendered":"https:\/\/linitiative.ca\/International\/le-fils-damirouche-porte-plainte-a-cause-de-mehenni\/"},"modified":"2020-01-17T10:56:00","modified_gmt":"2020-01-17T15:56:00","slug":"le-fils-damirouche-porte-plainte-a-cause-de-mehenni","status":"publish","type":"post","link":"https:\/\/linitiative.ca\/International\/le-fils-damirouche-porte-plainte-a-cause-de-mehenni\/","title":{"rendered":"Le fils d\u2019Amirouche porte plainte \u00e0 cause de Mehenni"},"content":{"rendered":"<p><br id=\"sep_para_1\" class=\"sep_para access\"\/><\/p>\n<div id=\"para_1\" class=\"para_35055069 resize\">\n<div class=\"texte access firstletter\">Le fils du chahid, Colonel Amirouche, Noureddine Ait Hamouda a d\u00e9cid\u00e9 de porter plainte contre Fay\u00e7al Kerchouche, journaliste \u00e0 Radio El Bahdja, \u00e0 Echorouk, \u00e0 Ennahar et \u00e0 Radio Coran, qui a d\u00e9clar\u00e9 que le p\u00e8re du s\u00e9paratiste, Ferhat Mehenni a \u00e9t\u00e9 jug\u00e9 et ex\u00e9cut\u00e9 par Amirouche. Dans sa d\u00e9claration au nom de la Fondation colonel Amirouche, Noureddine Ait Hamouda a estim\u00e9 qu\u2019il va porter plainte \u00ab pour atteinte \u00e0 la m\u00e9moire des martyrs en les personnes du colonel Amirouche et de Meziane Mehenni, p\u00e8re de Ferhat Mehenni \u00bb. \u00ab Il est \u00e0 rappeler, dans ses propos r\u00e9pugnants, son accusation de collaboration de ce valeureux martyr tomb\u00e9 au champs d\u2019honneur \u00bb, a-t-il pr\u00e9cis\u00e9, ajoutant que \u00ab le colonel Amirouche mort en 1959 aurait ex\u00e9cut\u00e9 Ameziane Mehenni en 1961 \u00bb. \u00ab Cette d\u00e9rive n\u2019est que l\u2019expression de la haine sans limite, des anciens harkis haineux aliment\u00e9e par certains cercles officiels \u00bb, a encore d\u00e9clar\u00e9 Noureddine Ait Hamouda. Les r\u00e9sultats de \u00ab la recherche \u00bb effectu\u00e9e par le journaliste Fay\u00e7al Karchouche avancent que Mehenni Loucif a \u00e9t\u00e9 condamn\u00e9 \u00e0 mort par un tribunal des moudjahidine et tu\u00e9 par l\u2019ALN pour \u00ab tra\u00eetrise \u00bb. Sauf que l\u2019enqu\u00eate de Karchouche a \u00e9t\u00e9 enclench\u00e9e suite \u00e0 une information erron\u00e9e, donc elle ne peut aboutir qu\u2019\u00e0 un r\u00e9sultat contest\u00e9, a-t-on estim\u00e9, car le p\u00e8re de Ferhat Mehenni s\u2019appelait Ameziane et il \u00e9tait un des responsables de l\u2019ALN dans la commune d\u2019Ilullen Umalu, tomb\u00e9 au champs d\u2019honneur en 1961 et le colonel Amirouche en 1959. Les documents pr\u00e9sent\u00e9s par Karchouche dans une vid\u00e9o, \u00e9voquent un certain Loucif Mehenni mais originaire de B\u00e9ja\u00efa, alors que Ferhat Mehenni, comme son p\u00e8re sont originaires du village Maraghna, commune Illoula Oumalou, da\u00efra de Bouzegu\u00e8ne, wilaya de Tizi-Ouzou. Il est \u00e0 signaler que le s\u00e9paratiste, Ferhat Mehenni depuis sa cr\u00e9ation du mouvement pour l\u2019autod\u00e9termination de la Kabylie (MAK), n\u2019a jamais \u00e9t\u00e9 attaqu\u00e9 sur le pass\u00e9 de son p\u00e8re.<\/div>\n<\/div>\n<p>Auteur: R\u00e9flexion<br \/>\n<a href=\"https:\/\/www.reflexiondz.net\/Le-fils-d-Amirouche-porte-plainte-a-cause-de-Mehenni_a60050.html\">Cliquez ici pour lire l&rsquo;article depuis sa source.<\/a><\/p>\n","protected":false},"excerpt":{"rendered":"<p>Le fils du chahid, Colonel Amirouche, Noureddine Ait Hamouda a d\u00e9cid\u00e9 de porter plainte contre Fay\u00e7al Kerchouche, journaliste \u00e0 Radio El Bahdja, \u00e0 Echorouk, \u00e0 Ennahar et \u00e0 Radio Coran, qui a d\u00e9clar\u00e9 que le p\u00e8re du s\u00e9paratiste, Ferhat Mehenni a \u00e9t\u00e9 jug\u00e9 et ex\u00e9cut\u00e9 par Amirouche. Dans sa d\u00e9claration au nom de la Fondation [&hellip;]<\/p>\n","protected":false},"author":1740,"featured_media":0,"comment_status":"closed","ping_status":"closed","sticky":false,"template":"","format":"standard","meta":{"fifu_image_url":"","fifu_image_alt":"","footnotes":""},"categories":[53,76],"tags":[],"class_list":["post-73342","post","type-post","status-publish","format-standard","hentry","category-algerie","category-regions"],"_links":{"self":[{"href":"https:\/\/linitiative.ca\/International\/wp-json\/wp\/v2\/posts\/73342","targetHints":{"allow":["GET"]}}],"collection":[{"href":"https:\/\/linitiative.ca\/International\/wp-json\/wp\/v2\/posts"}],"about":[{"href":"https:\/\/linitiative.ca\/International\/wp-json\/wp\/v2\/types\/post"}],"author":[{"embeddable":true,"href":"https:\/\/linitiative.ca\/International\/wp-json\/wp\/v2\/users\/1740"}],"replies":[{"embeddable":true,"href":"https:\/\/linitiative.ca\/International\/wp-json\/wp\/v2\/comments?post=73342"}],"version-history":[{"count":0,"href":"https:\/\/linitiative.ca\/International\/wp-json\/wp\/v2\/posts\/73342\/revisions"}],"wp:attachment":[{"href":"https:\/\/linitiative.ca\/International\/wp-json\/wp\/v2\/media?parent=73342"}],"wp:term":[{"taxonomy":"category","embeddable":true,"href":"https:\/\/linitiative.ca\/International\/wp-json\/wp\/v2\/categories?post=73342"},{"taxonomy":"post_tag","embeddable":true,"href":"https:\/\/linitiative.ca\/International\/wp-json\/wp\/v2\/tags?post=73342"}],"curies":[{"name":"wp","href":"https:\/\/api.w.org\/{rel}","templated":true}]}}