{"id":73344,"date":"2020-01-17T10:56:00","date_gmt":"2020-01-17T15:56:00","guid":{"rendered":"https:\/\/linitiative.ca\/International\/rabreb-pique-hyundai-a-tahkout\/"},"modified":"2020-01-17T10:56:00","modified_gmt":"2020-01-17T15:56:00","slug":"rabreb-pique-hyundai-a-tahkout","status":"publish","type":"post","link":"https:\/\/linitiative.ca\/International\/rabreb-pique-hyundai-a-tahkout\/","title":{"rendered":"Rabreb \u2018\u2019pique\u2019\u2019  Hyundai \u00e0 Tahkout"},"content":{"rendered":"<p><br id=\"sep_para_1\" class=\"sep_para access\"\/><\/p>\n<div id=\"para_1\" class=\"para_35055075 resize\">\n<div class=\"texte access firstletter\">Omar Rebrab, patron de HMA Hyundai Motor Alg\u00e9rie, la filiale automobile du groupe C\u00e9vital, annonce la relance massive de son service apr\u00e8s vente. En marge d\u2019une visite guid\u00e9e au locaux de HMA \u00e0 Oued Smar, \u00e0 Alger, Omar Rebrab a rappel\u00e9 l\u2019existence dans les stocks de la filiale de Cevital l\u2019\u00e9quivalent de 3 milliards de dinars en pi\u00e8ces de rechange de la marque Hyundai, soit quelque 32 000 r\u00e9f\u00e9rences.\u00a0 Par ailleurs, Omar Rebrab a expliqu\u00e9 qu\u2019il mettra, d\u00e9sormais, le paquet sur le service apr\u00e8s vente, en attendant un r\u00e9el essor de la fili\u00e8re automobile, et le retour des \u00ab beaux jours \u00bb.\u00a0 Rappelons qu\u2019\u00e0 la veille de cette rencontre le nouveau gouvernement alg\u00e9rien avait invit\u00e9 les patrons des marques automobiles victimes de l\u2019ancien syst\u00e8me \u00e0 une table ronde. Autant dire qu\u2019une nouvelle feuille de route est en cours d\u2019\u00e9laboration en vue de relancer un secteur malmen\u00e9 par de criardes \u00ab injustices \u00bb.<\/div>\n<\/div>\n<p>Auteur: R\u00e9flexion<br \/>\n<a href=\"https:\/\/www.reflexiondz.net\/Rabreb-pique-Hyundai-a-Tahkout_a60052.html\">Cliquez ici pour lire l&rsquo;article depuis sa source.<\/a><\/p>\n","protected":false},"excerpt":{"rendered":"<p>Omar Rebrab, patron de HMA Hyundai Motor Alg\u00e9rie, la filiale automobile du groupe C\u00e9vital, annonce la relance massive de son service apr\u00e8s vente. En marge d\u2019une visite guid\u00e9e au locaux de HMA \u00e0 Oued Smar, \u00e0 Alger, Omar Rebrab a rappel\u00e9 l\u2019existence dans les stocks de la filiale de Cevital l\u2019\u00e9quivalent de 3 milliards de [&hellip;]<\/p>\n","protected":false},"author":1740,"featured_media":0,"comment_status":"closed","ping_status":"closed","sticky":false,"template":"","format":"standard","meta":{"fifu_image_url":"","fifu_image_alt":"","footnotes":""},"categories":[53,76],"tags":[],"class_list":["post-73344","post","type-post","status-publish","format-standard","hentry","category-algerie","category-regions"],"_links":{"self":[{"href":"https:\/\/linitiative.ca\/International\/wp-json\/wp\/v2\/posts\/73344","targetHints":{"allow":["GET"]}}],"collection":[{"href":"https:\/\/linitiative.ca\/International\/wp-json\/wp\/v2\/posts"}],"about":[{"href":"https:\/\/linitiative.ca\/International\/wp-json\/wp\/v2\/types\/post"}],"author":[{"embeddable":true,"href":"https:\/\/linitiative.ca\/International\/wp-json\/wp\/v2\/users\/1740"}],"replies":[{"embeddable":true,"href":"https:\/\/linitiative.ca\/International\/wp-json\/wp\/v2\/comments?post=73344"}],"version-history":[{"count":0,"href":"https:\/\/linitiative.ca\/International\/wp-json\/wp\/v2\/posts\/73344\/revisions"}],"wp:attachment":[{"href":"https:\/\/linitiative.ca\/International\/wp-json\/wp\/v2\/media?parent=73344"}],"wp:term":[{"taxonomy":"category","embeddable":true,"href":"https:\/\/linitiative.ca\/International\/wp-json\/wp\/v2\/categories?post=73344"},{"taxonomy":"post_tag","embeddable":true,"href":"https:\/\/linitiative.ca\/International\/wp-json\/wp\/v2\/tags?post=73344"}],"curies":[{"name":"wp","href":"https:\/\/api.w.org\/{rel}","templated":true}]}}