{"id":73345,"date":"2020-01-17T11:20:00","date_gmt":"2020-01-17T16:20:00","guid":{"rendered":"https:\/\/linitiative.ca\/International\/tribunal-de-boumerdes-lancien-chef-de-la-surete-de-tipasa-incarcere\/"},"modified":"2020-01-17T11:20:00","modified_gmt":"2020-01-17T16:20:00","slug":"tribunal-de-boumerdes-lancien-chef-de-la-surete-de-tipasa-incarcere","status":"publish","type":"post","link":"https:\/\/linitiative.ca\/International\/tribunal-de-boumerdes-lancien-chef-de-la-surete-de-tipasa-incarcere\/","title":{"rendered":"TRIBUNAL DE BOUMERDES : L\u2019ancien chef de la s\u00fbret\u00e9 de Tipasa incarc\u00e9r\u00e9"},"content":{"rendered":"<p><br id=\"sep_para_1\" class=\"sep_para access\"\/><\/p>\n<div id=\"para_1\" class=\"para_35055399 resize\">\n<div class=\"photo shadow left\"><a href=\"javascript:void(0)\" rel=\"https:\/\/www.reflexiondz.net\/photo\/art\/grande\/41874562-35055399.jpg?v=1579279156&#038;ibox\" title=\"TRIBUNAL DE BOUMERDES : L\u2019ancien chef de la s\u00fbret\u00e9 de Tipasa incarc\u00e9r\u00e9\"><img decoding=\"async\" class=\"responsive c9\" src=\"https:\/\/www.reflexiondz.net\/photo\/art\/grande\/41874562-35055399.jpg?v=1579279156\" alt=\"TRIBUNAL DE BOUMERDES : L\u2019ancien chef de la s\u00fbret\u00e9 de Tipasa incarc\u00e9r\u00e9\" title=\"TRIBUNAL DE BOUMERDES : L\u2019ancien chef de la s\u00fbret\u00e9 de Tipasa incarc\u00e9r\u00e9\"\/><img decoding=\"async\" class=\"not-responsive\" src=\"https:\/\/www.reflexiondz.net\/photo\/art\/default\/41874562-35055399.jpg?v=1579279157\" alt=\"TRIBUNAL DE BOUMERDES : L\u2019ancien chef de la s\u00fbret\u00e9 de Tipasa incarc\u00e9r\u00e9\" title=\"TRIBUNAL DE BOUMERDES : L\u2019ancien chef de la s\u00fbret\u00e9 de Tipasa incarc\u00e9r\u00e9\"\/><\/a><\/div>\n<div class=\"texte access firstletter\">L\u2019ancien chef de la s\u00fbret\u00e9 de la wilaya de Tipasa, Salim Djaydjay, a \u00e9t\u00e9 plac\u00e9, en d\u00e9tention provisoire par le juge d\u2019instruction du Tribunal de Boumerdes. Poursuivi pour \u00abenrichissement illicite\u00bb et \u2018abus de fonction \u00bb, Salim Djaydjay a \u00e9t\u00e9 auditionn\u00e9 dans le cadre de l\u2019affaire de l\u2019ex-Directeur g\u00e9n\u00e9ral de la S\u00fbret\u00e9 nationale, Abdelghani Hamel qui est actuellement en prison. Salim Djaydjay \u00e9tait l\u2019un des hommes de confiance d\u2019Abdelghani Hamel. Il a \u00e9t\u00e9 limog\u00e9 en juillet 2018, quelques semaines apr\u00e8s l\u2019\u00e9clatement de l\u2019affaire de tentative d\u2019introduction de 701 kg de coca\u00efne au port d\u2019Oran.<\/div>\n<\/div>\n<p>Auteur: Nadine<br \/>\n<a href=\"https:\/\/www.reflexiondz.net\/TRIBUNAL-DE-BOUMERDES-L-ancien-chef-de-la-surete-de-Tipasa-incarcere_a60053.html\">Cliquez ici pour lire l&rsquo;article depuis sa source.<\/a><\/p>\n","protected":false},"excerpt":{"rendered":"<p>L\u2019ancien chef de la s\u00fbret\u00e9 de la wilaya de Tipasa, Salim Djaydjay, a \u00e9t\u00e9 plac\u00e9, en d\u00e9tention provisoire par le juge d\u2019instruction du Tribunal de Boumerdes. Poursuivi pour \u00abenrichissement illicite\u00bb et \u2018abus de fonction \u00bb, Salim Djaydjay a \u00e9t\u00e9 auditionn\u00e9 dans le cadre de l\u2019affaire de l\u2019ex-Directeur g\u00e9n\u00e9ral de la S\u00fbret\u00e9 nationale, Abdelghani Hamel qui [&hellip;]<\/p>\n","protected":false},"author":1740,"featured_media":0,"comment_status":"closed","ping_status":"closed","sticky":false,"template":"","format":"standard","meta":{"fifu_image_url":"","fifu_image_alt":"","footnotes":""},"categories":[53,76],"tags":[],"class_list":["post-73345","post","type-post","status-publish","format-standard","hentry","category-algerie","category-regions"],"_links":{"self":[{"href":"https:\/\/linitiative.ca\/International\/wp-json\/wp\/v2\/posts\/73345","targetHints":{"allow":["GET"]}}],"collection":[{"href":"https:\/\/linitiative.ca\/International\/wp-json\/wp\/v2\/posts"}],"about":[{"href":"https:\/\/linitiative.ca\/International\/wp-json\/wp\/v2\/types\/post"}],"author":[{"embeddable":true,"href":"https:\/\/linitiative.ca\/International\/wp-json\/wp\/v2\/users\/1740"}],"replies":[{"embeddable":true,"href":"https:\/\/linitiative.ca\/International\/wp-json\/wp\/v2\/comments?post=73345"}],"version-history":[{"count":0,"href":"https:\/\/linitiative.ca\/International\/wp-json\/wp\/v2\/posts\/73345\/revisions"}],"wp:attachment":[{"href":"https:\/\/linitiative.ca\/International\/wp-json\/wp\/v2\/media?parent=73345"}],"wp:term":[{"taxonomy":"category","embeddable":true,"href":"https:\/\/linitiative.ca\/International\/wp-json\/wp\/v2\/categories?post=73345"},{"taxonomy":"post_tag","embeddable":true,"href":"https:\/\/linitiative.ca\/International\/wp-json\/wp\/v2\/tags?post=73345"}],"curies":[{"name":"wp","href":"https:\/\/api.w.org\/{rel}","templated":true}]}}