{"id":73346,"date":"2020-01-17T13:04:45","date_gmt":"2020-01-17T18:04:45","guid":{"rendered":"https:\/\/linitiative.ca\/International\/48e-acte-du-hirak-une-mobilisation-en-dents-de-scie\/"},"modified":"2020-01-17T13:04:45","modified_gmt":"2020-01-17T18:04:45","slug":"48e-acte-du-hirak-une-mobilisation-en-dents-de-scie","status":"publish","type":"post","link":"https:\/\/linitiative.ca\/International\/48e-acte-du-hirak-une-mobilisation-en-dents-de-scie\/","title":{"rendered":"48e acte du hirak : une mobilisation en dents de scie"},"content":{"rendered":"<p>Pour le 48e vendredi de mobilisation, le mouvement populaire d\u00e9clench\u00e9 il y a pr\u00e8s d\u2019une ann\u00e9e ne l\u00e2che pas prise.<br \/>Ce vendredi \u00e0 l\u2019occasion de la marche hebdomadaire, les manifestants, arm\u00e9s de d\u00e9termination et de pacifisme, ont r\u00e9clam\u00e9 un r\u00e9el changement et ont maintenu la pression \u00e0 travers les marches organis\u00e9es \u00e0 Alger et dans plusieurs villes.<br \/>Malgr\u00e9 que l\u2019on s\u2019interroge sur l\u2019avenir du hirak, notamment apr\u00e8s la baisse du nombre de manifestants ces derniers vendredis, les manifestants se mobilisent toujours et r\u00e9it\u00e8rent leurs revendications pour un changement radical du syst\u00e8me. Une manifestation qui intervient au moment o\u00f9, du c\u00f4t\u00e9 du pouvoir, les \u00e9v\u00e9nements s\u2019acc\u00e9l\u00e8rent et des r\u00e9formes sont engag\u00e9es. Le pr\u00e9sident de la R\u00e9publique multiplie, en effet, les rencontres avec des personnalit\u00e9s nationales dans le cadre des consultations engag\u00e9es dans la perspective d\u2019une r\u00e9forme globale de la Constitution. Une t\u00e2che confi\u00e9e \u00e0 un panel d\u2019experts en droit constitutionnel afin de faire des propositions.\u00a0Le mouvement populaire maintient donc le cap et ne veut surtout pas passer \u00e0 c\u00f4t\u00e9 du changement qu\u2019il r\u00e9clame depuis le 22 f\u00e9vrier 2019.<br \/>A Alger ils \u00e9taient nombreux, plus nombreux que vendredi pass\u00e9, \u00e0 investir les rues et clamer les slogans habituels.\u00a0D\u00e9non\u00e7ant le manque de l\u00e9gitimit\u00e9 du pr\u00e9sident de la R\u00e9publique, ils ont soulign\u00e9 la souverainet\u00e9 du peuple. \u00ab\u00a0Echaab tharar houwa li iqarar\u2026\u00a0\u00bb (Le peuple s\u2019est lib\u00e9r\u00e9 c\u2019est lui qui d\u00e9cide), ont-ils scand\u00e9, tout en affirmant la n\u00e9cessit\u00e9 de se mobiliser davantage et surtout \u00ab\u00a0d\u2019\u00eatre fid\u00e8le \u00e0 la parole donn\u00e9e le 22 f\u00e9vrier\u00a0\u00bb. Le comportement des forces de l\u2019ordre a \u00e9t\u00e9 fustig\u00e9. La raison en est que les premiers groupes de manifestants qui se sont form\u00e9s \u00e0 la rue Didouche-Mourad ont \u00e9t\u00e9 dispers\u00e9s par les forces de l\u2019ordre qui ont m\u00eame proc\u00e9d\u00e9 \u00e0 des interpellations. Indign\u00e9s, les manifestants ont cibl\u00e9 la police par des slogans hostiles. Des slogans ont rappel\u00e9 l\u2019attachement des marcheurs \u00e0 l\u2019instauration d\u2019un Etat civil.\u00a0<br \/>Les manifestants n\u2019ont pas perdu de vue les d\u00e9tenus du hirak. Portant leurs portraits ils ont appel\u00e9 \u00e0 leur lib\u00e9ration, sachant qu\u2019ils sont encore nombreux \u00e0 croupir en prison. Un hommage a \u00e9t\u00e9 aussi rendu aux martyrs de la r\u00e9volution, notamment \u00e0 Didouche Mourad, d\u2019autant que cela co\u00efncide avec la date de sa mort, le 18 janvier 1955.\u00a0<br \/>Par ailleurs, des manifestations pacifiques se sont d\u00e9roul\u00e9es dans plusieurs villes du pays. A Tizi Ouzou o\u00f9 les manifestants ont d\u00e9ploy\u00e9 un immense drapeau national, on a rappel\u00e9 que Abane Ramdane est un symbole de l\u2019unit\u00e9 nationale, alors qui a \u00e9t\u00e9 qualifi\u00e9 de \u00ab\u00a0tra\u00eetre\u00a0\u00bb par le directeur de la\u00a0culture de la wilaya de M\u2019sila, actuellement sous mandat de d\u00e9p\u00f4t. A Bejaia, Jijel, Annaba, Oran, Tlemcen, Mostaganem\u2026la mobilisation \u00e9tait au rendez-vous pour r\u00e9clamer l\u2019instauration d\u2019un Etat de droit et d\u2019un syst\u00e8me d\u00e9mocratique.<br \/>Le mouvement populaire, qui bouclera son onzi\u00e8me mois de mobilisation dans une semaine, ne semble pas vouloir abandonner son combat avant la satisfaction de ses revendications.<\/p>\n<p>Auteur: Boudjedri<br \/>\n<a href=\"http:\/\/www.jeune-independant.net\/48e-acte-du-hirak-une-mobilisation.html\">Cliquez ici pour lire l&rsquo;article depuis sa source.<\/a><\/p>\n","protected":false},"excerpt":{"rendered":"<p>Pour le 48e vendredi de mobilisation, le mouvement populaire d\u00e9clench\u00e9 il y a pr\u00e8s d\u2019une ann\u00e9e ne l\u00e2che pas prise.Ce vendredi \u00e0 l\u2019occasion de la marche hebdomadaire, les manifestants, arm\u00e9s de d\u00e9termination et de pacifisme, ont r\u00e9clam\u00e9 un r\u00e9el changement et ont maintenu la pression \u00e0 travers les marches organis\u00e9es \u00e0 Alger et dans plusieurs [&hellip;]<\/p>\n","protected":false},"author":1737,"featured_media":0,"comment_status":"closed","ping_status":"closed","sticky":false,"template":"","format":"standard","meta":{"fifu_image_url":"","fifu_image_alt":"","footnotes":""},"categories":[73,53],"tags":[],"class_list":["post-73346","post","type-post","status-publish","format-standard","hentry","category-actualite","category-algerie"],"_links":{"self":[{"href":"https:\/\/linitiative.ca\/International\/wp-json\/wp\/v2\/posts\/73346","targetHints":{"allow":["GET"]}}],"collection":[{"href":"https:\/\/linitiative.ca\/International\/wp-json\/wp\/v2\/posts"}],"about":[{"href":"https:\/\/linitiative.ca\/International\/wp-json\/wp\/v2\/types\/post"}],"author":[{"embeddable":true,"href":"https:\/\/linitiative.ca\/International\/wp-json\/wp\/v2\/users\/1737"}],"replies":[{"embeddable":true,"href":"https:\/\/linitiative.ca\/International\/wp-json\/wp\/v2\/comments?post=73346"}],"version-history":[{"count":0,"href":"https:\/\/linitiative.ca\/International\/wp-json\/wp\/v2\/posts\/73346\/revisions"}],"wp:attachment":[{"href":"https:\/\/linitiative.ca\/International\/wp-json\/wp\/v2\/media?parent=73346"}],"wp:term":[{"taxonomy":"category","embeddable":true,"href":"https:\/\/linitiative.ca\/International\/wp-json\/wp\/v2\/categories?post=73346"},{"taxonomy":"post_tag","embeddable":true,"href":"https:\/\/linitiative.ca\/International\/wp-json\/wp\/v2\/tags?post=73346"}],"curies":[{"name":"wp","href":"https:\/\/api.w.org\/{rel}","templated":true}]}}