{"id":73347,"date":"2020-01-17T13:13:27","date_gmt":"2020-01-17T18:13:27","guid":{"rendered":"https:\/\/linitiative.ca\/International\/libye-le-difficile-pari-de-berlin\/"},"modified":"2020-01-17T13:13:27","modified_gmt":"2020-01-17T18:13:27","slug":"libye-le-difficile-pari-de-berlin","status":"publish","type":"post","link":"https:\/\/linitiative.ca\/International\/libye-le-difficile-pari-de-berlin\/","title":{"rendered":"Libye : le difficile pari de Berlin"},"content":{"rendered":"<p><span class=\"c2\">S.O. Brahim<\/span><\/p>\n<div readability=\"114\">\n<p><br class=\"autobr\"\/><br \/>\nLa crise libyenne et les voies et moyens de parvenir \u00e0 un r\u00e8glement politique et pacifique du conflit seront au centre d\u2019une conf\u00e9rence internationale dimanche 19 janvier \u00e0 Berlin sous l\u2019\u00e9gide des Nations unies, \u00e0 laquelle une participation accrue a \u00e9t\u00e9 annonc\u00e9e.<br \/>Plusieurs pays, \u00e0 savoir, l\u2019Alg\u00e9rie, qui a jou\u00e9 un r\u00f4le central dans les efforts de r\u00e8glement de la crise, la Russie, la Turquie, les Etats Unis, la Chine, l\u2019Italie et la France prendront part \u00e0 cette Conf\u00e9rence sous l\u2019\u00e9gide des Nations unies, en pr\u00e9sence de l\u2019Union africaine, pour soutenir \u00ab\u00a0les efforts de r\u00e9conciliation \u00e0 l\u2019int\u00e9rieur de la Libye\u00a0\u00bb, pays en proie \u00e0 une crise depuis 2011.<br \/>Les deux protagonistes de la crise, le pr\u00e9sident du Conseil pr\u00e9sidentiel du Gouvernement d\u2019union nationale (GNA)Fayez al-Sarraj et le mar\u00e9chal Khalifa Haftar, ont tous les deux confirm\u00e9 leur participation aux discussions \u00e0 Berlin, apr\u00e8s que les deux hommes ont accept\u00e9 un cessez-le-feu en vigueur en Libye destin\u00e9 \u00e0 mettre fin au chaos libyen, laiss\u00e9 apr\u00e8s la chute de l\u2019ancien r\u00e9gime de Maamar El Gueddafi en 2011 et une intervention militaire occidentale.<br \/>\u00a0La crise en Libye a cr\u00e9\u00e9 un vide s\u00e9curitaire mais aussi favoris\u00e9 la circulation de \u00ab\u00a0milliers d\u2019armes, munitions et explosifs\u00a0\u00bb, en plus de l\u2019\u00e9mergence de groupes terroristes, notamment dans l\u2019est libyen.Fayez al-Sarraj a confirm\u00e9, hier jeudi, sa pr\u00e9sence \u00e0 la conf\u00e9rence internationale \u00e0 Berlin visant \u00e0 lancer un processus de paix, et le Mar\u00e9chal Haftar a dit \u00eatre pr\u00eat \u00ab\u00a0en principe\u00a0\u00bb \u00e0 y participer.<br \/>Dans la capitale Tripoli, al-Sarraj, chef du GNA reconnu par l\u2019ONU, a confirm\u00e9, via son service de presse, sa pr\u00e9sence \u00e0 la conf\u00e9rence, tandis qu\u2019\u00e0 Benghazi, \u00e0 un millier de km plus \u00e0 l\u2019est, le Mar\u00e9chal Haftar a promis sa pr\u00e9sence lors d\u2019un entretien avec le ministre allemand des Affaires \u00e9trang\u00e8res Heiko Maas.<br \/>Les positions respectives du chef du GNA, reconnu par l\u2019ONU et bas\u00e9 \u00e0 Tripoli (ouest), Fayez al-Sarraj, et du Mar\u00e9chal Khalifa Haftar, ont \u00e9t\u00e9 annonc\u00e9es alors qu\u2019une cessation des hostilit\u00e9s, globalement respect\u00e9e, est en vigueur depuis dimanche aux portes de la capitale libyenne.<br \/>Par ailleurs, le chef de la diplomatie am\u00e9ricaine Mike Pompeo a confirm\u00e9 qu\u2019il assistera \u00e0 la conf\u00e9rence internationale sur la Libye et fera part de son soutien aux efforts pour consolider la tr\u00eave, a indiqu\u00e9 jeudi le d\u00e9partement d\u2019Etat.<br \/>M.\u00a0Pompeo devrait exhorter les forces \u00e9trang\u00e8res \u00e0 se retirer de ce pays ravag\u00e9 par le conflit et exiger une reprise du processus de paix sous l\u2019\u00e9gide des Nations unies, a indiqu\u00e9 un responsable am\u00e9ricain. \u00ab\u00a0L\u2019imp\u00e9ratif est la poursuite du cessez-le-feu\u00a0\u00bb, a-t-il toutefois pr\u00e9cis\u00e9 \u00e0 un groupe de journalistes.\u00a0<br \/>Pour sa part, le secr\u00e9taire g\u00e9n\u00e9ral des Nations unies Antonio Guterres avait appel\u00e9, mercredi, \u00ab\u00a0\u00e0 soutenir fermement\u00a0\u00bb la conf\u00e9rence de paix pour la Libye et a invit\u00e9 les bellig\u00e9rants \u00e0 confirmer la cessation des hostilit\u00e9s, dans un rapport remis au Conseil de s\u00e9curit\u00e9 de l\u2019ONU.<br \/>L\u2019\u00e9missaire de l\u2019ONU pour la Libye, Ghassan Salam\u00e9, a quant \u00e0 lui indiqu\u00e9 avoir not\u00e9 \u00ab\u00a0avec satisfaction\u00a0\u00bb que l\u2019appel au cessez-le-feu en Libye a \u00e9t\u00e9 entendu par les parties, esp\u00e9rant un \u00ab\u00a0minimum de consensus international\u00a0\u00bb \u00e0 la conf\u00e9rence de Berlin sur la Libye.<\/p>\n<p><strong>L\u2019Alg\u00e9rie en acteur incontournable\u00a0<\/strong><br \/>Le cessez-le-feu en vigueur en Libye a \u00e9t\u00e9 le fruit d\u2019intenses efforts de la diplomatie alg\u00e9rienne, marqu\u00e9es par un large ballet diplomatique \u00e0 Alger. Le pr\u00e9sident du Haut Conseil d\u2019Etat libyen, Khaled Al-Machri a d\u2019ailleurs consid\u00e9r\u00e9, jeudi, que l\u2019Alg\u00e9rie \u00e9tait \u00ab\u00a0la seule puissance arabe capable de r\u00e9tablir les \u00e9quilibres\u00a0\u00bb dans le dossier libyen, se f\u00e9licitant du \u00ab\u00a0retour de la diplomatie alg\u00e9rienne\u00a0\u00bb sur la sc\u00e8ne libyenne.<br \/>\u00ab\u00a0Nous consid\u00e9rons que l\u2019Alg\u00e9rie est la seule puissance arabe capable de r\u00e9tablir les \u00e9quilibres, c\u2019est m\u00eame incontestable, et nous nous f\u00e9licitons du retour de la diplomatie alg\u00e9rienne\u00a0\u00bb sur la sc\u00e8ne, a d\u00e9clar\u00e9 M.\u00a0Al-Machri, qui \u00e9tait l\u2019invit\u00e9 de l\u2019\u00e9mission \u00ab\u00a0L\u2019Histoire en marche\u00a0\u00bb, sur les ondes de la Cha\u00eene III.<br \/>M.\u00a0Al-Machri a en outre fait \u00e9tat de la pr\u00e9paration d\u2019une visite \u00e0 Alger d\u2019une d\u00e9l\u00e9gation du Haut Conseil d\u2019Etat de la Libye \u00ab\u00a0pour expliquer tous les tenants et aboutissant du conflit libyen, \u00e0 l\u2019ensemble des forces partisanes, parlementaires et populaires\u00a0\u00bb.<br \/>Pour sa part, le pr\u00e9sident du Conseil italien, Giuseppe Conte, a affirm\u00e9 lors de sa visite jeudi \u00e0 Alger que l\u2019Alg\u00e9rie et son pays partagent une vision commune bas\u00e9e sur le dialogue, seule et unique option pour trouver une solution politique \u00e0 la crise en Libye.<br \/>\u00ab\u00a0L\u2019Alg\u00e9rie et l\u2019Italie partagent une vision et une approche communes en ce qui concerne la question libyenne. Ce dossier constitue une pr\u00e9occupation pour nos deux pays\u00a0\u00bb, a d\u00e9clar\u00e9 M.\u00a0Conte \u00e0 l\u2019issue de ses entretiens avec le Pr\u00e9sident de la R\u00e9publique, M.\u00a0Abdelmadjid Tebboune.<br \/>Lors des entretiens entre le Pr\u00e9sident de la R\u00e9publique et M.\u00a0Giuseppe Conte, les deux parties ont convenu, concernant le dossier libyen, \u00ab\u00a0d\u2019intensifier les efforts et de renforcer la coordination et la concertation pour p\u00e9renniser le cessez-le-feu en vigueur en vue de faciliter les voies de reprise du dialogue entre les parties en conflit et relancer le processus de paix parrain\u00e9 par l\u2019ONU, en vue de pr\u00e9server territoriale, la souverainet\u00e9 de la Libye et l\u2019unit\u00e9 de son peuple, loin de toute ing\u00e9rence militaire \u00e9trang\u00e8re\u00a0\u00bb.<br \/>Par ailleurs, M.\u00a0Conte a mis en avant le r\u00f4le de l\u2019Alg\u00e9rie dans la s\u00e9curisation et la stabilisation dans la r\u00e9gion du Sahel, notamment au Mali, pr\u00e9cisant que son pays se concerte \u00ab\u00a0constamment\u00a0\u00bb avec l\u2019Alg\u00e9rie sur les questions de la paix et de s\u00e9curit\u00e9.<br \/>\u00a0<\/p>\n<\/div>\n<p>Auteur: Boudjedri<br \/>\n<a href=\"http:\/\/www.jeune-independant.net\/Libye-le-difficile-pari-de-Berlin.html\">Cliquez ici pour lire l&rsquo;article depuis sa source.<\/a><\/p>\n","protected":false},"excerpt":{"rendered":"<p>S.O. Brahim La crise libyenne et les voies et moyens de parvenir \u00e0 un r\u00e8glement politique et pacifique du conflit seront au centre d\u2019une conf\u00e9rence internationale dimanche 19 janvier \u00e0 Berlin sous l\u2019\u00e9gide des Nations unies, \u00e0 laquelle une participation accrue a \u00e9t\u00e9 annonc\u00e9e.Plusieurs pays, \u00e0 savoir, l\u2019Alg\u00e9rie, qui a jou\u00e9 un r\u00f4le central dans [&hellip;]<\/p>\n","protected":false},"author":1737,"featured_media":0,"comment_status":"closed","ping_status":"closed","sticky":false,"template":"","format":"standard","meta":{"fifu_image_url":"","fifu_image_alt":"","footnotes":""},"categories":[73,53],"tags":[],"class_list":["post-73347","post","type-post","status-publish","format-standard","hentry","category-actualite","category-algerie"],"_links":{"self":[{"href":"https:\/\/linitiative.ca\/International\/wp-json\/wp\/v2\/posts\/73347","targetHints":{"allow":["GET"]}}],"collection":[{"href":"https:\/\/linitiative.ca\/International\/wp-json\/wp\/v2\/posts"}],"about":[{"href":"https:\/\/linitiative.ca\/International\/wp-json\/wp\/v2\/types\/post"}],"author":[{"embeddable":true,"href":"https:\/\/linitiative.ca\/International\/wp-json\/wp\/v2\/users\/1737"}],"replies":[{"embeddable":true,"href":"https:\/\/linitiative.ca\/International\/wp-json\/wp\/v2\/comments?post=73347"}],"version-history":[{"count":0,"href":"https:\/\/linitiative.ca\/International\/wp-json\/wp\/v2\/posts\/73347\/revisions"}],"wp:attachment":[{"href":"https:\/\/linitiative.ca\/International\/wp-json\/wp\/v2\/media?parent=73347"}],"wp:term":[{"taxonomy":"category","embeddable":true,"href":"https:\/\/linitiative.ca\/International\/wp-json\/wp\/v2\/categories?post=73347"},{"taxonomy":"post_tag","embeddable":true,"href":"https:\/\/linitiative.ca\/International\/wp-json\/wp\/v2\/tags?post=73347"}],"curies":[{"name":"wp","href":"https:\/\/api.w.org\/{rel}","templated":true}]}}