{"id":73350,"date":"2020-01-17T13:37:00","date_gmt":"2020-01-17T18:37:00","guid":{"rendered":"https:\/\/linitiative.ca\/International\/le-chercheur-tunisien-chedli-abdelly-laureat-du-prix-kwame-nkrumah-de-l-union-africaine\/"},"modified":"2020-01-17T13:37:00","modified_gmt":"2020-01-17T18:37:00","slug":"le-chercheur-tunisien-chedli-abdelly-laureat-du-prix-kwame-nkrumah-de-l-union-africaine","status":"publish","type":"post","link":"https:\/\/linitiative.ca\/International\/le-chercheur-tunisien-chedli-abdelly-laureat-du-prix-kwame-nkrumah-de-l-union-africaine\/","title":{"rendered":"Le chercheur tunisien Ch\u00e9dli Abdelly laur\u00e9at du prix Kwame Nkrumah de l&rsquo; Union Africaine"},"content":{"rendered":"<p>L\u2019Union Africaine vient de d\u00e9cerner au chercheur tunisien, Chedli Abdelly le prix continental Kwame Nkrumah de l\u2019excellence scientifique pour l\u2019ann\u00e9e 1019. Il lui sera remis \u00e0 Addis Abeba \u00e0 l\u2019occasion de la tenue du Sommet africain qui se tiendra les 9 et 10 f\u00e9vrier. Ce prix qui porte le nom du premier pr\u00e9sident de la r\u00e9publique du Ghana et des plus fervents d\u00e9fenseurs de l&rsquo;unit\u00e9 africaine est le plus haute distinction dans le domaine scientifique que l\u2019organisation panafricaine d\u00e9cerne chaque ann\u00e9e \u00e0 un chercheur africain.<br \/>Le r\u00e9cipiendaire qui est sp\u00e9cialis\u00e9 en sciences biologiques et notamment en biotechnologie v\u00e9g\u00e9talke a exerc\u00e9 les fonctions de Directeur g\u00e9n\u00e9ral de l\u2019Agence nationale de promotion\u00a0 de la recherche scientifique avant d\u2019occuper les m\u00eames fonctions \u00e0 la t\u00eate du Centre de biotechnologie de Borj C\u00e9dria\u00a0 dans la banlieue sud de Tunis. Il est l\u2019auteur de\u00a0 pr\u00e8s de 500 publications scientifiques, a encadr\u00e9 50 th\u00e8ses de doctorat et enregistr\u00e9\u00a0 trois\u00a0 brevets d\u2019invention. En 2016,\u00a0 Il avait\u00a0 re\u00e7u le prix du pr\u00e9sident de la R\u00e9publique de la Recherche scientifique en sa qualit\u00e9 de meilleur chercheur et\u00a0 meilleur directeur de laboratoire de recherches.\u00a0\u00a0\u00a0\u00a0<br \/>En 2018, c\u2019est une chercheuse tunisienne Naziha El Ati qui re\u00e7u par le m\u00eame prix.<br \/>\u00a0<\/p>\n<p>Auteur:<br \/>\n<a href=\"https:\/\/www.leaders.com.tn\/article\/28903-le-chercheur-tunisien-chedli-abdelli-laureat-du-prix-kwame-nkrumah-de-l-union-africaine\">Cliquez ici pour lire l&rsquo;article depuis sa source.<\/a><\/p>\n","protected":false},"excerpt":{"rendered":"<p>L\u2019Union Africaine vient de d\u00e9cerner au chercheur tunisien, Chedli Abdelly le prix continental Kwame Nkrumah de l\u2019excellence scientifique pour l\u2019ann\u00e9e 1019. Il lui sera remis \u00e0 Addis Abeba \u00e0 l\u2019occasion de la tenue du Sommet africain qui se tiendra les 9 et 10 f\u00e9vrier. Ce prix qui porte le nom du premier pr\u00e9sident de la [&hellip;]<\/p>\n","protected":false},"author":1772,"featured_media":0,"comment_status":"closed","ping_status":"closed","sticky":false,"template":"","format":"standard","meta":{"fifu_image_url":"","fifu_image_alt":"","footnotes":""},"categories":[73,55],"tags":[],"class_list":["post-73350","post","type-post","status-publish","format-standard","hentry","category-actualite","category-tunisie"],"_links":{"self":[{"href":"https:\/\/linitiative.ca\/International\/wp-json\/wp\/v2\/posts\/73350","targetHints":{"allow":["GET"]}}],"collection":[{"href":"https:\/\/linitiative.ca\/International\/wp-json\/wp\/v2\/posts"}],"about":[{"href":"https:\/\/linitiative.ca\/International\/wp-json\/wp\/v2\/types\/post"}],"author":[{"embeddable":true,"href":"https:\/\/linitiative.ca\/International\/wp-json\/wp\/v2\/users\/1772"}],"replies":[{"embeddable":true,"href":"https:\/\/linitiative.ca\/International\/wp-json\/wp\/v2\/comments?post=73350"}],"version-history":[{"count":0,"href":"https:\/\/linitiative.ca\/International\/wp-json\/wp\/v2\/posts\/73350\/revisions"}],"wp:attachment":[{"href":"https:\/\/linitiative.ca\/International\/wp-json\/wp\/v2\/media?parent=73350"}],"wp:term":[{"taxonomy":"category","embeddable":true,"href":"https:\/\/linitiative.ca\/International\/wp-json\/wp\/v2\/categories?post=73350"},{"taxonomy":"post_tag","embeddable":true,"href":"https:\/\/linitiative.ca\/International\/wp-json\/wp\/v2\/tags?post=73350"}],"curies":[{"name":"wp","href":"https:\/\/api.w.org\/{rel}","templated":true}]}}