{"id":73351,"date":"2020-01-17T14:00:00","date_gmt":"2020-01-17T19:00:00","guid":{"rendered":"https:\/\/linitiative.ca\/International\/la-creation-dune-chaine-dinformation-a-la-television-nationale-provoque-des-remous-au-sein-du-syndicat-des-journalistes\/"},"modified":"2020-01-17T14:00:00","modified_gmt":"2020-01-17T19:00:00","slug":"la-creation-dune-chaine-dinformation-a-la-television-nationale-provoque-des-remous-au-sein-du-syndicat-des-journalistes","status":"publish","type":"post","link":"https:\/\/linitiative.ca\/International\/la-creation-dune-chaine-dinformation-a-la-television-nationale-provoque-des-remous-au-sein-du-syndicat-des-journalistes\/","title":{"rendered":"La cr\u00e9ation d\u2019une chaine d\u2019information \u00e0 la t\u00e9l\u00e9vision nationale provoque des remous au sein du syndicat des journalistes"},"content":{"rendered":"<p>Le syndicat national des journalistes tunisiens (SNJT) a annonc\u00e9 son opposition au concours interne annonc\u00e9 par la pr\u00e9sidence de l\u2019\u00e9tablissement de la t\u00e9l\u00e9vision tunisienne en vue de la cr\u00e9ation d\u2019une chaine d\u2019information.<\/p>\n<p>Dans un communiqu\u00e9 paru ce vendredi, le syndicat a appel\u00e9 les journalistes \u00e0 boycotter ce concours, s\u2019indignant du lancement des recrutements avant l\u2019obtention des licences l\u00e9gales requises.<br \/>Tout en assurant son adh\u00e9sion et son appui aux r\u00e9formes initi\u00e9es au sein de l\u2019\u00e9tablissement, le syndicat affirme son opposition \u00e0 \u00abtoute solution impos\u00e9e et improvis\u00e9e, susceptible de mener \u00e0 des r\u00e9sultats contre-productifs\u00bb.\u00a0<\/p>\n<p>Le SNJT justifie sa r\u00e9action par ce qu&rsquo;elle consid\u00e8re \u2018\u00abun manque de consid\u00e9ration (de la part de la direction) pour l\u2019exp\u00e9rience, l\u2019expertise, la comp\u00e9tence, l\u2019objectivit\u00e9 et l\u2019impartialit\u00e9 des journalistes du d\u00e9partement de l&rsquo;information de la chaine\u00bb.<\/p>\n<p>Le syndicat s&rsquo;est \u00e9galement \u00e9tonn\u00e9 face \u00e0 \u00abun manque de transparence et de clart\u00e9 sur les objectifs de cette cha\u00eene, ses sources de financement, sa ligne \u00e9ditoriale, son statut et son organigramme ce qui laisse la porteouverte\u00a0 aux interpr\u00e9tations et sp\u00e9culations \u00e0 l&rsquo;int\u00e9rieur comme \u00e0 l&rsquo;ext\u00e9rieur de l&rsquo;institution\u2019\u00bb.<br \/>\u00a0<\/p>\n<p>Auteur:<br \/>\n<a href=\"https:\/\/www.leaders.com.tn\/article\/28904-la-creation-d-une-chaine-d-information-provoque-des-remous-chez-le-syndicat-des-journalistes\">Cliquez ici pour lire l&rsquo;article depuis sa source.<\/a><\/p>\n","protected":false},"excerpt":{"rendered":"<p>Le syndicat national des journalistes tunisiens (SNJT) a annonc\u00e9 son opposition au concours interne annonc\u00e9 par la pr\u00e9sidence de l\u2019\u00e9tablissement de la t\u00e9l\u00e9vision tunisienne en vue de la cr\u00e9ation d\u2019une chaine d\u2019information. Dans un communiqu\u00e9 paru ce vendredi, le syndicat a appel\u00e9 les journalistes \u00e0 boycotter ce concours, s\u2019indignant du lancement des recrutements avant l\u2019obtention [&hellip;]<\/p>\n","protected":false},"author":1772,"featured_media":0,"comment_status":"closed","ping_status":"closed","sticky":false,"template":"","format":"standard","meta":{"fifu_image_url":"","fifu_image_alt":"","footnotes":""},"categories":[73,55],"tags":[],"class_list":["post-73351","post","type-post","status-publish","format-standard","hentry","category-actualite","category-tunisie"],"_links":{"self":[{"href":"https:\/\/linitiative.ca\/International\/wp-json\/wp\/v2\/posts\/73351","targetHints":{"allow":["GET"]}}],"collection":[{"href":"https:\/\/linitiative.ca\/International\/wp-json\/wp\/v2\/posts"}],"about":[{"href":"https:\/\/linitiative.ca\/International\/wp-json\/wp\/v2\/types\/post"}],"author":[{"embeddable":true,"href":"https:\/\/linitiative.ca\/International\/wp-json\/wp\/v2\/users\/1772"}],"replies":[{"embeddable":true,"href":"https:\/\/linitiative.ca\/International\/wp-json\/wp\/v2\/comments?post=73351"}],"version-history":[{"count":0,"href":"https:\/\/linitiative.ca\/International\/wp-json\/wp\/v2\/posts\/73351\/revisions"}],"wp:attachment":[{"href":"https:\/\/linitiative.ca\/International\/wp-json\/wp\/v2\/media?parent=73351"}],"wp:term":[{"taxonomy":"category","embeddable":true,"href":"https:\/\/linitiative.ca\/International\/wp-json\/wp\/v2\/categories?post=73351"},{"taxonomy":"post_tag","embeddable":true,"href":"https:\/\/linitiative.ca\/International\/wp-json\/wp\/v2\/tags?post=73351"}],"curies":[{"name":"wp","href":"https:\/\/api.w.org\/{rel}","templated":true}]}}