{"id":73352,"date":"2020-01-17T14:04:00","date_gmt":"2020-01-17T19:04:00","guid":{"rendered":"https:\/\/linitiative.ca\/International\/pretoria-tunis-ca-baigneon-ne-peut-mieux\/"},"modified":"2020-01-17T14:04:00","modified_gmt":"2020-01-17T19:04:00","slug":"pretoria-tunis-ca-baigneon-ne-peut-mieux","status":"publish","type":"post","link":"https:\/\/linitiative.ca\/International\/pretoria-tunis-ca-baigneon-ne-peut-mieux\/","title":{"rendered":"Pretoria-Tunis, \u00e7a baigne\u2026on ne peut mieux"},"content":{"rendered":"<p>Dynamique diplomatique ou bruit de couloirs, beaucoup d\u2019effervescence autour de la question des visas pour les Tunisiens et Sud-africains \u2026 mais qu\u2019en-est-il au juste ? Pour en savoir davantage, nous sommes remont\u00e9s \u00e0 l\u2019historique de cette question si sensible aux c\u0153urs des Tunisiens qui r\u00e9sident ou voyagent en Afrique du Sud. Depuis 1994, date d\u2019\u00e9tablissement des relations diplomatiques avec l\u2019Afrique du Sud, post -apartheid, nos deux pays ont appliqu\u00e9 le r\u00e9gime de visas dans la gestion des flux de ressortissants de part et d\u2019autre les deux bouts du Continent.<br \/>Cette mesure a \u00e9t\u00e9 de mise jusqu\u2019en d\u00e9cembre 2014, date \u00e0 laquelle la Tunisie a d\u00e9cid\u00e9, de plein gr\u00e9, d\u2019exempter les Sud-Africains, entre autres nationalit\u00e9s africaines, de visas d\u2019entr\u00e9e en Tunisie, d\u00e9cision motiv\u00e9e par l\u2019objectif de booster le tourisme tunisien, en berne.<\/p>\n<p>Depuis lors, Tunis n\u2019a eu de cesse de d\u00e9ployer tous les efforts en vue d\u2019obtenir l\u2019application du principe de r\u00e9ciprocit\u00e9, avec la lev\u00e9e pour les Tunisiens de visa d\u2019entr\u00e9e en Afrique du Sud, o\u00f9 ils affluaient de plus en plus nombreux, pour diverses raisons, notamment commerciales et touristiques.<\/p>\n<p>Devant le silence de Pretoria qui a dur\u00e9 cinq longues ann\u00e9es, au cours desquelles l\u2019on se rem\u00e9more notamment les difficult\u00e9s que certains clubs tunisiens de football et leurs supporters trouvaient pour obtenir leur visa lors des comp\u00e9tions africaines \u00e0 jouer en Afrique du Sud, Tunis a annonc\u00e9, le 14 octobre 2019 sa d\u00e9cision souveraine de r\u00e9introduire le r\u00e9gime de visas pour les ressortissants sud-africains, \u00e0 partir du 1er d\u00e9cembre 2019.<\/p>\n<p>Quelle ne fut pas notre satisfaction de lire dans le briefing d\u00e9livr\u00e9 aux medias par M. P. Aaron Motsoaledi, Ministre sud-africain des affaires Int\u00e9rieures, le 1er d\u00e9cembre 2019,\u00a0 annon\u00e7ant \u00abl\u2019ajout de la Tunisie sur la liste des pays dont les ressortissants b\u00e9n\u00e9ficieront de l\u2019exemption de visa pour des s\u00e9jours touristiques (90 jours) et vice versa pour les Sudafricains qui se rendront en Tunisie,\u00a0 cette d\u00e9cision entrera en vigueur \u00e0 une date qui sera fix\u00e9e d\u2019un commun accord\u00a0 entre les deux parties, dans le cadre\u00a0 du principe de r\u00e9ciprocit\u00e9\u00bb.<\/p>\n<p>Aujourd\u2019hui, l\u2019on rel\u00e8ve avec soulagement et appr\u00e9ciation que nos amis Sud-Africains ont mis en application leur d\u00e9cision, puisqu\u2019\u00e0 l\u2019appel du Service Consulaire de leur Ambassade \u00e0 Tunis, il nous a \u00e9t\u00e9 confirm\u00e9 que les Tunisiens n\u2019ont plus besoin de visas, pour un s\u00e9jour ne d\u00e9passant pas 3 mois, bien que le site web de l\u2019Ambassade n\u2019ait pas \u00e9t\u00e9 mis \u00e0 jour et mentionne encore l\u2019obligation de visa d\u2019entr\u00e9e pour les Tunisiens.<\/p>\n<p>Oubli ou confusion, il n\u2019en demeure pas moins que le Passeport Vert est aujourd\u2019hui exempt\u00e9 de visa en Afrique du Sud. Il nous semble donc clair que Tunis ne tardera plus \u00e0 annoncer dans les prochains jours, l\u2019application de la r\u00e9ciprocit\u00e9 pour les ressortissants sudafricains, l\u2019ayant\u00a0 d\u00e9j\u00e0 fait auparavant, d\u00e9montrant que la pers\u00e9v\u00e9rance de la diplomatie tunisienne est vertu.<br \/>\u00a0<br \/>\u00a0<\/p>\n<p>Auteur:<br \/>\n<a href=\"https:\/\/www.leaders.com.tn\/article\/28905-pretoria-tunis-ca-baigne-on-ne-peut-mieux\">Cliquez ici pour lire l&rsquo;article depuis sa source.<\/a><\/p>\n","protected":false},"excerpt":{"rendered":"<p>Dynamique diplomatique ou bruit de couloirs, beaucoup d\u2019effervescence autour de la question des visas pour les Tunisiens et Sud-africains \u2026 mais qu\u2019en-est-il au juste ? Pour en savoir davantage, nous sommes remont\u00e9s \u00e0 l\u2019historique de cette question si sensible aux c\u0153urs des Tunisiens qui r\u00e9sident ou voyagent en Afrique du Sud. Depuis 1994, date d\u2019\u00e9tablissement [&hellip;]<\/p>\n","protected":false},"author":1772,"featured_media":0,"comment_status":"closed","ping_status":"closed","sticky":false,"template":"","format":"standard","meta":{"fifu_image_url":"","fifu_image_alt":"","footnotes":""},"categories":[73,55],"tags":[],"class_list":["post-73352","post","type-post","status-publish","format-standard","hentry","category-actualite","category-tunisie"],"_links":{"self":[{"href":"https:\/\/linitiative.ca\/International\/wp-json\/wp\/v2\/posts\/73352","targetHints":{"allow":["GET"]}}],"collection":[{"href":"https:\/\/linitiative.ca\/International\/wp-json\/wp\/v2\/posts"}],"about":[{"href":"https:\/\/linitiative.ca\/International\/wp-json\/wp\/v2\/types\/post"}],"author":[{"embeddable":true,"href":"https:\/\/linitiative.ca\/International\/wp-json\/wp\/v2\/users\/1772"}],"replies":[{"embeddable":true,"href":"https:\/\/linitiative.ca\/International\/wp-json\/wp\/v2\/comments?post=73352"}],"version-history":[{"count":0,"href":"https:\/\/linitiative.ca\/International\/wp-json\/wp\/v2\/posts\/73352\/revisions"}],"wp:attachment":[{"href":"https:\/\/linitiative.ca\/International\/wp-json\/wp\/v2\/media?parent=73352"}],"wp:term":[{"taxonomy":"category","embeddable":true,"href":"https:\/\/linitiative.ca\/International\/wp-json\/wp\/v2\/categories?post=73352"},{"taxonomy":"post_tag","embeddable":true,"href":"https:\/\/linitiative.ca\/International\/wp-json\/wp\/v2\/tags?post=73352"}],"curies":[{"name":"wp","href":"https:\/\/api.w.org\/{rel}","templated":true}]}}