{"id":73363,"date":"2020-01-17T17:17:33","date_gmt":"2020-01-17T22:17:33","guid":{"rendered":"https:\/\/linitiative.ca\/International\/libye-haftar-assistera-au-sommet-de-berlin\/"},"modified":"2020-01-17T17:17:33","modified_gmt":"2020-01-17T22:17:33","slug":"libye-haftar-assistera-au-sommet-de-berlin","status":"publish","type":"post","link":"https:\/\/linitiative.ca\/International\/libye-haftar-assistera-au-sommet-de-berlin\/","title":{"rendered":"Libye\u00a0: Haftar assistera au sommet de Berlin"},"content":{"rendered":"<div class=\"post-cont-in left relative\">\n<p>Le ministre allemand des affaires \u00e9trang\u00e8res a annonc\u00e9, apr\u00e8s un entretien avec le chef e l\u2019arm\u00e9e nationale libyenne, le g\u00e9n\u00e9ral Khalifa <a href=\"https:\/\/www.tunisienumerique.com\/tunisie-actualite\/haftar\/\" title=\"Haftar\" target=\"_top\" class=\"auto-link\" rel=\"noopener noreferrer\">Haftar<\/a>, \u00e0 Benghazi, que celui-ci a donn\u00e9 son accord pour participer au sommet de Berlin. Il se serait, m\u00eame, engag\u00e9 \u00e0 respecter le cessez le feu dans la r\u00e9gion de Tripoli, bien qu\u2019il n\u2019ait pas sign\u00e9 les accords de Moscou.<\/p>\n<div class=\"code-block code-block-1 c3\"><ins class=\"adsbygoogle c2\" data-ad-layout=\"in-article\" data-ad-format=\"fluid\" data-ad-client=\"ca-pub-2102118777505746\" data-ad-slot=\"7301775417\"\/> <\/div>\n<div class=\"swp_social_panel swp_horizontal_panel swp_flat_fresh swp_default_full_color swp_individual_full_color swp_other_full_color scale-100 scale-\" data-min-width=\"1100\" data-float-color=\"#ffffff\" data-float=\"bottom\" data-float-mobile=\"bottom\" data-transition=\"slide\">\n<div class=\"nc_tweetContainer swp_share_button total_shares total_sharesalt\"><span class=\"swp_count\">1 <span class=\"swp_label\">Partages<\/span><\/span><\/div>\n<\/div>\n<p><strong>Que se passe-t-il en Tunisie?<\/strong><br \/>Nous expliquons sur notre <a href=\"https:\/\/www.youtube.com\/channel\/UCRzypVq0B_yBad5eGrwBx0Q?sub_confirmation=1\" target=\"_blank\" rel=\"noopener noreferrer\">cha\u00eene YouTube<\/a> . <a href=\"https:\/\/www.youtube.com\/channel\/UCRzypVq0B_yBad5eGrwBx0Q?sub_confirmation=1\" target=\"_blank\" rel=\"noopener noreferrer\">Abonnez-vous!<\/a><\/p>\n<div class=\"mvp-org-wrap mvp-org-logo\" itemprop=\"publisher\" itemscope=\"\" itemtype=\"https:\/\/schema.org\/Organization\"><img decoding=\"async\" src=\"https:\/\/www.tunisienumerique.com\/wp-content\/uploads\/2017\/02\/logo_tunisie_numerique.png\"\/><\/div>\n<div class=\"mvp-related-posts left relative\">\n<h4 class=\"post-header\"><span class=\"post-header\">Lire aussi<\/span><\/h4>\n<\/div>\n<\/div>\n<p>Auteur: LM<br \/>\n<a href=\"https:\/\/www.tunisienumerique.com\/libye-haftar-assistera-au-sommet-de-berlin\/\">Cliquez ici pour lire l&rsquo;article depuis sa source.<\/a><\/p>\n","protected":false},"excerpt":{"rendered":"<p>Le ministre allemand des affaires \u00e9trang\u00e8res a annonc\u00e9, apr\u00e8s un entretien avec le chef e l\u2019arm\u00e9e nationale libyenne, le g\u00e9n\u00e9ral Khalifa Haftar, \u00e0 Benghazi, que celui-ci a donn\u00e9 son accord pour participer au sommet de Berlin. Il se serait, m\u00eame, engag\u00e9 \u00e0 respecter le cessez le feu dans la r\u00e9gion de Tripoli, bien qu\u2019il n\u2019ait [&hellip;]<\/p>\n","protected":false},"author":1789,"featured_media":73364,"comment_status":"closed","ping_status":"closed","sticky":false,"template":"","format":"standard","meta":{"fifu_image_url":"","fifu_image_alt":"","footnotes":""},"categories":[73,55],"tags":[],"class_list":["post-73363","post","type-post","status-publish","format-standard","has-post-thumbnail","hentry","category-actualite","category-tunisie"],"_links":{"self":[{"href":"https:\/\/linitiative.ca\/International\/wp-json\/wp\/v2\/posts\/73363","targetHints":{"allow":["GET"]}}],"collection":[{"href":"https:\/\/linitiative.ca\/International\/wp-json\/wp\/v2\/posts"}],"about":[{"href":"https:\/\/linitiative.ca\/International\/wp-json\/wp\/v2\/types\/post"}],"author":[{"embeddable":true,"href":"https:\/\/linitiative.ca\/International\/wp-json\/wp\/v2\/users\/1789"}],"replies":[{"embeddable":true,"href":"https:\/\/linitiative.ca\/International\/wp-json\/wp\/v2\/comments?post=73363"}],"version-history":[{"count":0,"href":"https:\/\/linitiative.ca\/International\/wp-json\/wp\/v2\/posts\/73363\/revisions"}],"wp:featuredmedia":[{"embeddable":true,"href":"https:\/\/linitiative.ca\/International\/wp-json\/"}],"wp:attachment":[{"href":"https:\/\/linitiative.ca\/International\/wp-json\/wp\/v2\/media?parent=73363"}],"wp:term":[{"taxonomy":"category","embeddable":true,"href":"https:\/\/linitiative.ca\/International\/wp-json\/wp\/v2\/categories?post=73363"},{"taxonomy":"post_tag","embeddable":true,"href":"https:\/\/linitiative.ca\/International\/wp-json\/wp\/v2\/tags?post=73363"}],"curies":[{"name":"wp","href":"https:\/\/api.w.org\/{rel}","templated":true}]}}