{"id":73366,"date":"2020-01-16T18:32:38","date_gmt":"2020-01-16T23:32:38","guid":{"rendered":"https:\/\/linitiative.ca\/International\/editions-sidwaya-le-ministre-dandjinou-echange-avec-les-services-techniques\/"},"modified":"2020-01-16T18:32:38","modified_gmt":"2020-01-16T23:32:38","slug":"editions-sidwaya-le-ministre-dandjinou-echange-avec-les-services-techniques","status":"publish","type":"post","link":"https:\/\/linitiative.ca\/International\/editions-sidwaya-le-ministre-dandjinou-echange-avec-les-services-techniques\/","title":{"rendered":"Editions Sidwaya : Le ministre Dandjinou  \u00e9change avec les services techniques"},"content":{"rendered":"<div class=\"td-post-featured-image\" readability=\"34\"><a href=\"https:\/\/i0.wp.com\/www.sidwaya.info\/wp-content\/uploads\/2020\/01\/tecniques.gif?fit=699%2C339&#038;ssl=1\" data-caption=\"Le ministre en charge de la communication, R\u00e9mis Fulgance Dandjinou (droite)\u00a0:\u00a0\u00ab\u00a0mon souhait est qu\u2019il n\u2019y ait pas de gr\u00e8ve les 29 et 30 janvier\u00a0\u00bb.\"><img loading=\"lazy\" decoding=\"async\" width=\"696\" height=\"338\" class=\"entry-thumb td-modal-image\" src=\"https:\/\/i0.wp.com\/www.sidwaya.info\/wp-content\/uploads\/2020\/01\/tecniques.gif?resize=696%2C338&#038;ssl=1\" alt=\"\" title=\"tecniques\"\/><\/a>Le ministre en charge de la communication, R\u00e9mis Fulgance Dandjinou (droite)\u00a0:\u00a0\u00ab\u00a0mon souhait est qu\u2019il n\u2019y ait pas de gr\u00e8ve les 29 et 30 janvier\u00a0\u00bb.<\/div>\n<p><strong>Le ministre de la Communication et des Relations avec le Parlement, R\u00e9mis Fulgance Dandjinou, a rencontr\u00e9, le jeudi 16 janvier 2020, les \u00e9quipes techniques des Editions Sidwaya, \u00e0 son si\u00e8ge \u00e0 Ouagadougou.<\/strong><\/p>\n<p>L\u2019ann\u00e9e 2019 a \u00e9t\u00e9 marqu\u00e9e par des gr\u00e8ves dans l\u2019administration publique. Elles ont mis \u00e0 rude concurrence les m\u00e9dias publics avec les priv\u00e9s. Cette situation risque m\u00eame de leur porter un coup dur, si les m\u00e9dias du service public n\u2019y prennent garde. Cette crainte du ministre de la Communication et des Relations avec le Parlement, R\u00e9mis Fulgance Dandjinou, qui l\u2019a rappel\u00e9e aux services techniques des Editions Sidwaya, le jeudi 16 janvier 2020, \u00e0 son si\u00e8ge, \u00e0 Ouagadougou.<\/p>\n<div class=\"td-a-rec td-a-rec-id-content_inline tdi_30_dd2 td_block_template_1\"><a href=\"https:\/\/www.sidwaya.info\/wp-content\/uploads\/2019\/12\/Bandeau-sitebonneannee.jpg\"><img loading=\"lazy\" decoding=\"async\" class=\"aligncenter size-full wp-image-17812\" src=\"https:\/\/www.sidwaya.info\/wp-content\/uploads\/2019\/12\/Bandeau-sitebonneannee.jpg\" alt=\"\" width=\"720\" height=\"90\"\/><\/a><\/div>\n<p>Selon M. Dandjinou, des mesures seront prises pour rem\u00e9dier aux probl\u00e8mes quotidiens des travailleurs des m\u00e9dias publics. Et pour le cas des Editions Sidwaya, a-t-il d\u00e9clar\u00e9,\u00a0\u00ab\u00a0une possibilit\u00e9 vous sera donn\u00e9e pour que vous soyez aussi efficaces dans la concurrence d\u2019avec les autres\u2026 \u00bb. Au ministre, le personnel a rappel\u00e9 les difficult\u00e9s que la section technique conna\u00eet. Ce sont, entre autres, des probl\u00e8mes d\u2019encre, de papiers d\u2019impression du journal, de pi\u00e8ces de rechange de la machine \u00e0 impression, etc. Ces soucis ne tarderont plus \u00e0 \u00eatre r\u00e9solus, a rassur\u00e9 le ministre Dandjinou qui parle d\u2019un contrat-plan bient\u00f4t op\u00e9rationnel. \u00ab Le contrat-plan s\u2019occupera de ces aspects\u00a0\u00bb, a-t-il dit. Le ministre a \u00e9galement exprim\u00e9 des inqui\u00e9tudes pour la prochaine gr\u00e8ve des 29 et 30 janvier 2020 du Syndicat national des travailleurs de l\u2019information et de la culture (SYNATIC).<\/p>\n<p><img loading=\"lazy\" decoding=\"async\" class=\"size-medium wp-image-18311\" src=\"https:\/\/i1.wp.com\/www.sidwaya.info\/wp-content\/uploads\/2020\/01\/stecnique.gif?resize=300%2C148&#038;ssl=1\" alt=\"\" width=\"300\" height=\"148\" srcset=\"https:\/\/i1.wp.com\/www.sidwaya.info\/wp-content\/uploads\/2020\/01\/stecnique.gif?resize=300%2C148&#038;ssl=1 300w, https:\/\/i1.wp.com\/www.sidwaya.info\/wp-content\/uploads\/2020\/01\/stecnique.gif?resize=696%2C346&#038;ssl=1 696w, https:\/\/i1.wp.com\/www.sidwaya.info\/wp-content\/uploads\/2020\/01\/stecnique.gif?resize=324%2C160&#038;ssl=1 324w, https:\/\/i1.wp.com\/www.sidwaya.info\/wp-content\/uploads\/2020\/01\/stecnique.gif?resize=533%2C261&#038;ssl=1 533w\" sizes=\"auto, (max-width: 300px) 100vw, 300px\" data-recalc-dims=\"1\"\/>Le personnel du service technique a fait part des difficult\u00e9s qu\u2019il rencontre.<\/p>\n<p>Il a demand\u00e9 une cl\u00e9mence du personnel au cas \u00e9ch\u00e9ant. \u00ab\u00a0Nous sommes dans une situation et il faut qu\u2019on s\u2019en sorte. Je veux qu\u2019on arrive \u00e0 changer les choses. Car, ceux qui perdent le plus souvent, c\u2019est vous et le gouvernement. Mon souhait est qu\u2019il n\u2019y ait pas de gr\u00e8ves, mais en cas de force majeure, faites tout pour sauvegarder l\u2019outil de service\u2026\u00a0\u00bb, a-t-il dit. Les 20% d\u2019augmentation propos\u00e9s par le gouvernement dans le cadre des n\u00e9gociations pour le statut d\u00e9rogatoire et la construction du si\u00e8ge des Editions Sidwaya ont \u00e9t\u00e9 aussi \u00e9voqu\u00e9s lors des \u00e9changes.\u00a0\u00ab\u00a0Les 20% pour le personnel, ce n\u2019est pas beaucoup, mais pour l\u2019instant, c\u2019est ce que l\u2019Etat a d\u00e9cid\u00e9. Et pour ce qui est de la construction du si\u00e8ge, une solution est trouv\u00e9e. Je vais tout faire pour que les travaux commencent cette ann\u00e9e \u00bb, a dit le ministre Dandjinou. Il promet rencontrer le syndicat, le mardi prochain.<\/p>\n<p class=\"c1\"><strong>Mamourou BENAO<\/strong><br \/>(collaborateur)<\/p>\n<div class=\"td-a-rec td-a-rec-id-content_bottom tdi_31_295 td_block_template_1\"><img loading=\"lazy\" decoding=\"async\" class=\"aligncenter size-full wp-image-9623\" src=\"https:\/\/www.sidwaya.info\/wp-content\/uploads\/2019\/06\/Projet-bannie%CC%80re-Orange-mobile.jpg\" alt=\"\" width=\"728\" height=\"81\"\/><\/div>\n<p>Auteur: JK. Sidwaya<br \/>\n<a href=\"https:\/\/www.sidwaya.info\/blog\/2020\/01\/16\/editions-sidwaya-le-ministre-dandjinou-echange-avec-les-services-techniques\/\">Cliquez ici pour lire l&rsquo;article depuis sa source.<\/a><\/p>\n","protected":false},"excerpt":{"rendered":"<p>Le ministre en charge de la communication, R\u00e9mis Fulgance Dandjinou (droite)\u00a0:\u00a0\u00ab\u00a0mon souhait est qu\u2019il n\u2019y ait pas de gr\u00e8ve les 29 et 30 janvier\u00a0\u00bb. Le ministre de la Communication et des Relations avec le Parlement, R\u00e9mis Fulgance Dandjinou, a rencontr\u00e9, le jeudi 16 janvier 2020, les \u00e9quipes techniques des Editions Sidwaya, \u00e0 son si\u00e8ge \u00e0 [&hellip;]<\/p>\n","protected":false},"author":1816,"featured_media":0,"comment_status":"closed","ping_status":"closed","sticky":false,"template":"","format":"standard","meta":{"fifu_image_url":"","fifu_image_alt":"","footnotes":""},"categories":[73,81],"tags":[],"class_list":["post-73366","post","type-post","status-publish","format-standard","hentry","category-actualite","category-burkina-faso"],"_links":{"self":[{"href":"https:\/\/linitiative.ca\/International\/wp-json\/wp\/v2\/posts\/73366","targetHints":{"allow":["GET"]}}],"collection":[{"href":"https:\/\/linitiative.ca\/International\/wp-json\/wp\/v2\/posts"}],"about":[{"href":"https:\/\/linitiative.ca\/International\/wp-json\/wp\/v2\/types\/post"}],"author":[{"embeddable":true,"href":"https:\/\/linitiative.ca\/International\/wp-json\/wp\/v2\/users\/1816"}],"replies":[{"embeddable":true,"href":"https:\/\/linitiative.ca\/International\/wp-json\/wp\/v2\/comments?post=73366"}],"version-history":[{"count":0,"href":"https:\/\/linitiative.ca\/International\/wp-json\/wp\/v2\/posts\/73366\/revisions"}],"wp:attachment":[{"href":"https:\/\/linitiative.ca\/International\/wp-json\/wp\/v2\/media?parent=73366"}],"wp:term":[{"taxonomy":"category","embeddable":true,"href":"https:\/\/linitiative.ca\/International\/wp-json\/wp\/v2\/categories?post=73366"},{"taxonomy":"post_tag","embeddable":true,"href":"https:\/\/linitiative.ca\/International\/wp-json\/wp\/v2\/tags?post=73366"}],"curies":[{"name":"wp","href":"https:\/\/api.w.org\/{rel}","templated":true}]}}