{"id":73370,"date":"2020-01-17T15:18:03","date_gmt":"2020-01-17T20:18:03","guid":{"rendered":"https:\/\/linitiative.ca\/International\/laayoune-abrite-une-reunion-ministerielle-du-maroc-et-de-12-pays-du-pacifique\/"},"modified":"2020-01-17T15:18:03","modified_gmt":"2020-01-17T20:18:03","slug":"laayoune-abrite-une-reunion-ministerielle-du-maroc-et-de-12-pays-du-pacifique","status":"publish","type":"post","link":"https:\/\/linitiative.ca\/International\/laayoune-abrite-une-reunion-ministerielle-du-maroc-et-de-12-pays-du-pacifique\/","title":{"rendered":"L\u00e2ayoune abrite une r\u00e9union minist\u00e9rielle du Maroc et de 12 pays du Pacifique"},"content":{"rendered":"<div readability=\"32\">\n<p>Publi\u00e9 le 17.01.2020 \u00e0 21h18 par APA News<\/p>\n<\/div>\n<div readability=\"72\">\n<p>La ville marocaine de L\u00e2ayoune va abriter une r\u00e9union, le 22 f\u00e9vrier prochain, des ministres des Affaires \u00e9trang\u00e8res du Maroc et de douze pays du Pacifique, a annonc\u00e9 vendredi le ministre des Affaires \u00e9trang\u00e8res et de la Coop\u00e9ration africaine, Nasser Bourita.Cette r\u00e9union sera l\u2019occasion \u00a0de d\u00e9battre des diff\u00e9rents aspects de la coop\u00e9ration entre le Royaume et les pays du Pacifique, a affirm\u00e9 le ministre lors d\u2019un point de presse avec son homologue gabonais, Alain-Claude Bilie-By-Nzen, \u00e0 l\u2019occasion de l\u2019inauguration du consulat g\u00e9n\u00e9ral de la R\u00e9publique du Gabon.<\/p>\n<p>Elle s\u2019inscrit dans le cadre de la forte dynamique que connait la question du Sahara et qui s\u2019est traduite durant les derniers mois par un soutien plus affirm\u00e9 \u00e0 la marocanit\u00e9 du Sahara et \u00e0 la proposition d\u2019autonomie pr\u00e9sent\u00e9e par le Royaume. Cette r\u00e9union, a-t-il dit, \u00ab est le d\u00e9but de la cons\u00e9cration de cette r\u00e9alit\u00e9 diplomatique \u00bb marqu\u00e9e par l\u2019ouverture de plusieurs consulats de pays \u00e9trangers \u00e0 La\u00e2youne et Dakhla.<\/p>\n<p>Le consulat du Gabon est en effet la troisi\u00e8me repr\u00e9sentation diplomatique ouverte \u00e0 L\u00e2ayoune apr\u00e8s le consulat honoraire de C\u00f4te d\u2019Ivoire, ouvert en juin dernier, et le consulat g\u00e9n\u00e9ral de l\u2019Union des Comores, qui a commenc\u00e9 \u00e0 offrir ses services en d\u00e9cembre.<\/p>\n<p>La ville de Dakhla accueille, elle aussi, les consulats g\u00e9n\u00e9raux de la Gambie et de la Guin\u00e9e.<\/p>\n<p>Le ministre des Affaires \u00e9trang\u00e8res avait fait savoir en d\u00e9cembre dernier que la ville de La\u00e2youne, chef-lieu des provinces du sud du Royaume, conna\u00eetra une \u00ab intense activit\u00e9 diplomatique \u00bb durant les prochains mois, en accueillant plusieurs \u00e9ch\u00e9ances diplomatiques de grande importance.<\/p>\n<p>Outre la r\u00e9union des ministres des Affaires \u00e9trang\u00e8res du Maroc et des pays du Pacifique, M. Bourita a ajout\u00e9 que La\u00e2youne accueillera plusieurs r\u00e9unions de commissions mixtes entre le Royaume et certains pays \u00e9trangers.<\/p>\n<\/div>\n<p>Auteur: APA News<br \/>\n<a href=\"https:\/\/www.journalducameroun.com\/laayoune-abrite-une-reunion-ministerielle-du-maroc-et-de-12-pays-du-pacifique\/\">Cliquez ici pour lire l&rsquo;article depuis sa source.<\/a><\/p>\n","protected":false},"excerpt":{"rendered":"<p>Publi\u00e9 le 17.01.2020 \u00e0 21h18 par APA News La ville marocaine de L\u00e2ayoune va abriter une r\u00e9union, le 22 f\u00e9vrier prochain, des ministres des Affaires \u00e9trang\u00e8res du Maroc et de douze pays du Pacifique, a annonc\u00e9 vendredi le ministre des Affaires \u00e9trang\u00e8res et de la Coop\u00e9ration africaine, Nasser Bourita.Cette r\u00e9union sera l\u2019occasion \u00a0de d\u00e9battre des [&hellip;]<\/p>\n","protected":false},"author":1965,"featured_media":0,"comment_status":"closed","ping_status":"closed","sticky":false,"template":"","format":"standard","meta":{"fifu_image_url":"","fifu_image_alt":"","footnotes":""},"categories":[73,82],"tags":[],"class_list":["post-73370","post","type-post","status-publish","format-standard","hentry","category-actualite","category-cameroun"],"_links":{"self":[{"href":"https:\/\/linitiative.ca\/International\/wp-json\/wp\/v2\/posts\/73370","targetHints":{"allow":["GET"]}}],"collection":[{"href":"https:\/\/linitiative.ca\/International\/wp-json\/wp\/v2\/posts"}],"about":[{"href":"https:\/\/linitiative.ca\/International\/wp-json\/wp\/v2\/types\/post"}],"author":[{"embeddable":true,"href":"https:\/\/linitiative.ca\/International\/wp-json\/wp\/v2\/users\/1965"}],"replies":[{"embeddable":true,"href":"https:\/\/linitiative.ca\/International\/wp-json\/wp\/v2\/comments?post=73370"}],"version-history":[{"count":0,"href":"https:\/\/linitiative.ca\/International\/wp-json\/wp\/v2\/posts\/73370\/revisions"}],"wp:attachment":[{"href":"https:\/\/linitiative.ca\/International\/wp-json\/wp\/v2\/media?parent=73370"}],"wp:term":[{"taxonomy":"category","embeddable":true,"href":"https:\/\/linitiative.ca\/International\/wp-json\/wp\/v2\/categories?post=73370"},{"taxonomy":"post_tag","embeddable":true,"href":"https:\/\/linitiative.ca\/International\/wp-json\/wp\/v2\/tags?post=73370"}],"curies":[{"name":"wp","href":"https:\/\/api.w.org\/{rel}","templated":true}]}}