{"id":73371,"date":"2020-01-17T15:18:05","date_gmt":"2020-01-17T20:18:05","guid":{"rendered":"https:\/\/linitiative.ca\/International\/burkina-six-militaires-tues-par-un-engin-explosif-armee\/"},"modified":"2020-01-17T15:18:05","modified_gmt":"2020-01-17T20:18:05","slug":"burkina-six-militaires-tues-par-un-engin-explosif-armee","status":"publish","type":"post","link":"https:\/\/linitiative.ca\/International\/burkina-six-militaires-tues-par-un-engin-explosif-armee\/","title":{"rendered":"Burkina: six militaires tu\u00e9s par un engin explosif (Arm\u00e9e)"},"content":{"rendered":"<div readability=\"32\">\n<p>Publi\u00e9 le 17.01.2020 \u00e0 21h18 par APA News<\/p>\n<\/div>\n<div readability=\"51\">\n<p>Six militaires ont \u00e9t\u00e9 tu\u00e9s et un autre bless\u00e9, vendredi, lorsque le v\u00e9hicule qui les transportait a saut\u00e9 sur un engin explosif improvis\u00e9 dans la localit\u00e9 d\u2019Arbinda, au Nord du Burkina Faso, a-t-on appris aupr\u00e8s de l\u2019arm\u00e9e.Selon le communiqu\u00e9 du service de communication de l\u2019\u00c9tat-major g\u00e9n\u00e9ral des arm\u00e9es, \u00a0l\u2019incident est survenu ce matin, vers 8 heures, dans les environs de Yalanga, au Nord-Ouest d\u2019Arbinda.<\/p>\n<p>\u00abUn v\u00e9hicule d\u2019une unit\u00e9 du Groupement de forces pour la s\u00e9curisation du Nord (GFSN), en mission de reconnaissance, a heurt\u00e9 un engin explosif improvis\u00e9\u00bb, note le communiqu\u00e9 de l\u2019arm\u00e9e.<\/p>\n<p>Le m\u00eame texte pr\u00e9cise que des op\u00e9rations de ratissage sont actuellement en cours dans la zone.<\/p>\n<\/div>\n<p>Auteur: APA News<br \/>\n<a href=\"https:\/\/www.journalducameroun.com\/burkina-six-militaires-tues-par-un-engin-explosif-armee\/\">Cliquez ici pour lire l&rsquo;article depuis sa source.<\/a><\/p>\n","protected":false},"excerpt":{"rendered":"<p>Publi\u00e9 le 17.01.2020 \u00e0 21h18 par APA News Six militaires ont \u00e9t\u00e9 tu\u00e9s et un autre bless\u00e9, vendredi, lorsque le v\u00e9hicule qui les transportait a saut\u00e9 sur un engin explosif improvis\u00e9 dans la localit\u00e9 d\u2019Arbinda, au Nord du Burkina Faso, a-t-on appris aupr\u00e8s de l\u2019arm\u00e9e.Selon le communiqu\u00e9 du service de communication de l\u2019\u00c9tat-major g\u00e9n\u00e9ral des [&hellip;]<\/p>\n","protected":false},"author":1965,"featured_media":0,"comment_status":"closed","ping_status":"closed","sticky":false,"template":"","format":"standard","meta":{"fifu_image_url":"","fifu_image_alt":"","footnotes":""},"categories":[73,82],"tags":[],"class_list":["post-73371","post","type-post","status-publish","format-standard","hentry","category-actualite","category-cameroun"],"_links":{"self":[{"href":"https:\/\/linitiative.ca\/International\/wp-json\/wp\/v2\/posts\/73371","targetHints":{"allow":["GET"]}}],"collection":[{"href":"https:\/\/linitiative.ca\/International\/wp-json\/wp\/v2\/posts"}],"about":[{"href":"https:\/\/linitiative.ca\/International\/wp-json\/wp\/v2\/types\/post"}],"author":[{"embeddable":true,"href":"https:\/\/linitiative.ca\/International\/wp-json\/wp\/v2\/users\/1965"}],"replies":[{"embeddable":true,"href":"https:\/\/linitiative.ca\/International\/wp-json\/wp\/v2\/comments?post=73371"}],"version-history":[{"count":0,"href":"https:\/\/linitiative.ca\/International\/wp-json\/wp\/v2\/posts\/73371\/revisions"}],"wp:attachment":[{"href":"https:\/\/linitiative.ca\/International\/wp-json\/wp\/v2\/media?parent=73371"}],"wp:term":[{"taxonomy":"category","embeddable":true,"href":"https:\/\/linitiative.ca\/International\/wp-json\/wp\/v2\/categories?post=73371"},{"taxonomy":"post_tag","embeddable":true,"href":"https:\/\/linitiative.ca\/International\/wp-json\/wp\/v2\/tags?post=73371"}],"curies":[{"name":"wp","href":"https:\/\/api.w.org\/{rel}","templated":true}]}}