{"id":73374,"date":"2020-01-17T17:18:02","date_gmt":"2020-01-17T22:18:02","guid":{"rendered":"https:\/\/linitiative.ca\/International\/maroc-presentation-mardi-prochain-du-livre-les-douanes-aux-frontieres-du-numerique-de-el-arbi-belbachir\/"},"modified":"2020-01-17T17:18:02","modified_gmt":"2020-01-17T22:18:02","slug":"maroc-presentation-mardi-prochain-du-livre-les-douanes-aux-frontieres-du-numerique-de-el-arbi-belbachir","status":"publish","type":"post","link":"https:\/\/linitiative.ca\/International\/maroc-presentation-mardi-prochain-du-livre-les-douanes-aux-frontieres-du-numerique-de-el-arbi-belbachir\/","title":{"rendered":"Maroc : Pr\u00e9sentation mardi prochain du livre \u00ab Les douanes aux fronti\u00e8res du num\u00e9rique \u00bb de El Arbi Belbachir"},"content":{"rendered":"<div readability=\"32\">\n<p>Publi\u00e9 le 17.01.2020 \u00e0 23h18 par APA News<\/p>\n<\/div>\n<div readability=\"78\">\n<p>L\u2019ouvrage \u00ab Les douanes aux fronti\u00e8res du num\u00e9rique \u00bb de son auteur El Arbi Belbachir sera pr\u00e9sent\u00e9, mardi prochain, \u00e0 la villa des Arts de Rabat, en pr\u00e9sence d\u2019un parterre de personnalit\u00e9s du monde de la douane, des finances et des m\u00e9dias, outre des universitaires et des experts du secteur douanier.L\u2019auteur cet ouvrage de r\u00e9f\u00e9rence est un fin connaisseur du secteur de la douane disposant d\u2019une carri\u00e8re de plus de quatre d\u00e9cennies au sein de l\u2019administration des douanes marocaine.<\/p>\n<p>Nomm\u00e9 successivement directeur r\u00e9gional du Centre puis de l\u2019Oriental apr\u00e8s avoir dirig\u00e9 plusieurs unit\u00e9s d\u2019intervention op\u00e9rationnelles, il ach\u00e8vera sa carri\u00e8re en tant que conseiller du DG de cette m\u00eame administration.<\/p>\n<p>Fruit d\u2019une r\u00e9flexion port\u00e9e par une exp\u00e9rience de pr\u00e8s de 40 ans, l\u2019ouvrage laisse entrevoir les possibles solutions \u00e0 une difficile \u00e9quation : celle de concilier l\u2019imp\u00e9ratif de fluidit\u00e9 d\u2019une fronti\u00e8re avec l\u2019exigence de r\u00e9gulation et de s\u00e9curisation des \u00e9changes, extraordinairement plus croissants. Une r\u00e9alit\u00e9 complexe qui appelle une adaptation pour relever ce d\u00e9fi num\u00e9rique.<\/p>\n<p>En 1918, le douanier scrutait la ligne d\u2019horizon pour apercevoir la fum\u00e9e qui se d\u00e9gageait des navires qui arrivaient sur le port. Il avait, d\u00e8s lors, plusieurs jours pour contr\u00f4ler les d\u00e9chargements et v\u00e9rifier les d\u00e9clarations. Et l\u2019importateur avait quasiment tout un trimestre pour s\u2019acquitter des droits et enlever sa marchandise.<\/p>\n<p>Un si\u00e8cle apr\u00e8s, dans un espace monde globalis\u00e9, les mouvements trans-frontaliers de personnes, de biens et de capitaux sont devenus exponentiels. Cela a modifi\u00e9 l\u2019\u00e9chelle du temps pour le douanier qui, aujourd\u2019hui, ne peut d\u00e9sormais plus op\u00e9rer de la m\u00eame mani\u00e8re.<\/p>\n<p>Avec des milliers de positions tarifaires et des millions de tonnes de marchandises qui d\u00e9ferlent par voie maritime, terrestre et a\u00e9rienne, le douanier dispose de quelques minutes pour agir, la plupart du temps derri\u00e8re un \u00e9cran. Les mani\u00e8res de r\u00e9fl\u00e9chir et d\u2019agir s\u2019en trouvent alors totalement boulevers\u00e9es, lit-on dans la pr\u00e9sentation du livre.<\/p>\n<\/div>\n<p>Auteur: APA News<br \/>\n<a href=\"https:\/\/www.journalducameroun.com\/maroc-presentation-mardi-prochain-du-livre-les-douanes-aux-frontieres-du-numerique-de-el-arbi-belbachir\/\">Cliquez ici pour lire l&rsquo;article depuis sa source.<\/a><\/p>\n","protected":false},"excerpt":{"rendered":"<p>Publi\u00e9 le 17.01.2020 \u00e0 23h18 par APA News L\u2019ouvrage \u00ab Les douanes aux fronti\u00e8res du num\u00e9rique \u00bb de son auteur El Arbi Belbachir sera pr\u00e9sent\u00e9, mardi prochain, \u00e0 la villa des Arts de Rabat, en pr\u00e9sence d\u2019un parterre de personnalit\u00e9s du monde de la douane, des finances et des m\u00e9dias, outre des universitaires et des [&hellip;]<\/p>\n","protected":false},"author":1965,"featured_media":0,"comment_status":"closed","ping_status":"closed","sticky":false,"template":"","format":"standard","meta":{"fifu_image_url":"","fifu_image_alt":"","footnotes":""},"categories":[73,82],"tags":[],"class_list":["post-73374","post","type-post","status-publish","format-standard","hentry","category-actualite","category-cameroun"],"_links":{"self":[{"href":"https:\/\/linitiative.ca\/International\/wp-json\/wp\/v2\/posts\/73374","targetHints":{"allow":["GET"]}}],"collection":[{"href":"https:\/\/linitiative.ca\/International\/wp-json\/wp\/v2\/posts"}],"about":[{"href":"https:\/\/linitiative.ca\/International\/wp-json\/wp\/v2\/types\/post"}],"author":[{"embeddable":true,"href":"https:\/\/linitiative.ca\/International\/wp-json\/wp\/v2\/users\/1965"}],"replies":[{"embeddable":true,"href":"https:\/\/linitiative.ca\/International\/wp-json\/wp\/v2\/comments?post=73374"}],"version-history":[{"count":0,"href":"https:\/\/linitiative.ca\/International\/wp-json\/wp\/v2\/posts\/73374\/revisions"}],"wp:attachment":[{"href":"https:\/\/linitiative.ca\/International\/wp-json\/wp\/v2\/media?parent=73374"}],"wp:term":[{"taxonomy":"category","embeddable":true,"href":"https:\/\/linitiative.ca\/International\/wp-json\/wp\/v2\/categories?post=73374"},{"taxonomy":"post_tag","embeddable":true,"href":"https:\/\/linitiative.ca\/International\/wp-json\/wp\/v2\/tags?post=73374"}],"curies":[{"name":"wp","href":"https:\/\/api.w.org\/{rel}","templated":true}]}}