{"id":73375,"date":"2020-01-17T12:16:41","date_gmt":"2020-01-17T17:16:41","guid":{"rendered":"https:\/\/linitiative.ca\/International\/les-droits-de-lhomme-bientot-integres-dans-le-systeme-educatif-au-cameroun\/"},"modified":"2020-01-17T12:16:41","modified_gmt":"2020-01-17T17:16:41","slug":"les-droits-de-lhomme-bientot-integres-dans-le-systeme-educatif-au-cameroun","status":"publish","type":"post","link":"https:\/\/linitiative.ca\/International\/les-droits-de-lhomme-bientot-integres-dans-le-systeme-educatif-au-cameroun\/","title":{"rendered":"Les droits de l\u2019Homme bient\u00f4t int\u00e9gr\u00e9s dans le syst\u00e8me \u00e9ducatif au Cameroun"},"content":{"rendered":"<div class=\"featured-area featured-area-inner\"><img loading=\"lazy\" decoding=\"async\" width=\"640\" height=\"405\" src=\"https:\/\/ecomatin.net\/wp-content\/uploads\/2020\/01\/dr-chemuta-divine-banda-640x405.jpg?is-pending-load=1\" class=\"attachment-jannah-image-post size-jannah-image-post wp-post-image jetpack-lazy-image\" alt=\"\" srcset=\"data:image\/gif;base64,R0lGODlhAQABAIAAAAAAAP\/\/\/yH5BAEAAAAALAAAAAABAAEAAAIBRAA7\"\/><\/div>\n<div class=\"entry-content entry clearfix\" readability=\"57.7318645889\">\n<p>La Commission Nationale des Droits de l\u2019Homme et des Libert\u00e9s (CNDHL) a tabl\u00e9 pour un budget de <strong>1,4 milliard<\/strong> <strong>de FCFA<\/strong> en 2020. Le montant a \u00e9t\u00e9 rendu public le 15 janvier \u00e0 Yaound\u00e9 par son pr\u00e9sident <strong>Chemuta Divine Banda<\/strong> au cours des travaux de la 27<sup>\u00e8me<\/sup> session ordinaire de cette structure. Cet argent va permettre de r\u00e9pondre <em>\u00ab\u00a0aux exigences toujours croissantes du travail\u00a0\u00bb.<\/em><\/p>\n<p>En 2020, le pr\u00e9sident annonce la mise en place du programme d\u2019enseignement des droits de l\u2019Homme \u00e0 tous les niveaux de l\u2019enseignement national. Le renforcement des capacit\u00e9s des personnels de la Commission et la contribution \u00e0 l\u2019am\u00e9lioration des conditions de d\u00e9tention feront aussi partie des activit\u00e9s de la <strong>CNDHL<\/strong>, qui entend aussi s\u2019atteler \u00e0 la mise en place d\u2019un dispositif de gestion des plaintes, la cr\u00e9ation d\u2019antenne dans les dix r\u00e9gions du pays, ainsi que la publication de tous les rapports annuels.<\/p>\n<p>Durant ces assises, le pr\u00e9sident de la Commission a fait le point sur la situation des droits de l\u2019Homme au Cameroun. Elle reste marqu\u00e9e par des all\u00e9gations de violation se rapportant aux droits civils et politiques, aux atteintes \u00e0 l\u2019int\u00e9grit\u00e9 physique et morale li\u00e9es aux vindictes populaires, ainsi qu\u2019au ph\u00e9nom\u00e8ne d\u2019enl\u00e8vement et prise d\u2019otage. Les\u00a0\u00a0 restrictions au\u00a0\u00a0 libre\u00a0\u00a0 exercice\u00a0\u00a0 des\u00a0\u00a0 libert\u00e9s\u00a0\u00a0 de\u00a0\u00a0 r\u00e9union et de manifestations publiques, la situation des libert\u00e9s d\u2019expression et de communication etc.<\/p>\n<p>Pour clore la session, <strong>Chemuta Divine Banda<\/strong> est revenu sur les difficult\u00e9s rencontr\u00e9es en ce qui concerne l\u2019impl\u00e9mentation des droits de l\u2019Homme sur le triangle national. Ici figurent en bonne place le d\u00e9ficit de personnel et l\u2019acc\u00e8s difficile \u00e0 certaines zones pour travailler.<\/p>\n<div class=\"sharedaddy sd-sharing-enabled robots-nocontent sd-block sd-social sd-social-icon-text sd-sharing\">\n<h3 class=\"sd-title\">Partager\u00a0:<\/h3>\n<\/div>\n<p><h3 class=\"jp-relatedposts-headline\"><em>Articles similaires<\/em><\/h3>\n<\/p>\n<div class=\"stream-item stream-item-below-post-content\"><a href=\"https:\/\/www.facebook.com\/canalpluscmr\/\" title=\"\" target=\"_blank\" rel=\"noopener noreferrer\"><img loading=\"lazy\" decoding=\"async\" src=\"https:\/\/ecomatin.net\/wp-content\/uploads\/2020\/01\/ecomatin-H1260-xL-6222-px.png\" alt=\"\" width=\"728\" height=\"90\"\/><\/a><\/div>\n<\/div>\n<div class=\"toggle-post-content clearfix\"><a id=\"toggle-post-button\" class=\"button\" href=\"#\">Afficher plus <\/a><\/div>\n<p>Auteur: Ecomatin<br \/>\n<a href=\"https:\/\/ecomatin.net\/les-droits-de-lhomme-bientot-integres-dans-le-systeme-educatif-au-cameroun\/\">Cliquez ici pour lire l&rsquo;article depuis sa source.<\/a><\/p>\n","protected":false},"excerpt":{"rendered":"<p>La Commission Nationale des Droits de l\u2019Homme et des Libert\u00e9s (CNDHL) a tabl\u00e9 pour un budget de 1,4 milliard de FCFA en 2020. Le montant a \u00e9t\u00e9 rendu public le 15 janvier \u00e0 Yaound\u00e9 par son pr\u00e9sident Chemuta Divine Banda au cours des travaux de la 27\u00e8me session ordinaire de cette structure. Cet argent va [&hellip;]<\/p>\n","protected":false},"author":1969,"featured_media":0,"comment_status":"closed","ping_status":"closed","sticky":false,"template":"","format":"standard","meta":{"fifu_image_url":"","fifu_image_alt":"","footnotes":""},"categories":[82,78],"tags":[],"class_list":["post-73375","post","type-post","status-publish","format-standard","hentry","category-cameroun","category-economie"],"_links":{"self":[{"href":"https:\/\/linitiative.ca\/International\/wp-json\/wp\/v2\/posts\/73375","targetHints":{"allow":["GET"]}}],"collection":[{"href":"https:\/\/linitiative.ca\/International\/wp-json\/wp\/v2\/posts"}],"about":[{"href":"https:\/\/linitiative.ca\/International\/wp-json\/wp\/v2\/types\/post"}],"author":[{"embeddable":true,"href":"https:\/\/linitiative.ca\/International\/wp-json\/wp\/v2\/users\/1969"}],"replies":[{"embeddable":true,"href":"https:\/\/linitiative.ca\/International\/wp-json\/wp\/v2\/comments?post=73375"}],"version-history":[{"count":0,"href":"https:\/\/linitiative.ca\/International\/wp-json\/wp\/v2\/posts\/73375\/revisions"}],"wp:attachment":[{"href":"https:\/\/linitiative.ca\/International\/wp-json\/wp\/v2\/media?parent=73375"}],"wp:term":[{"taxonomy":"category","embeddable":true,"href":"https:\/\/linitiative.ca\/International\/wp-json\/wp\/v2\/categories?post=73375"},{"taxonomy":"post_tag","embeddable":true,"href":"https:\/\/linitiative.ca\/International\/wp-json\/wp\/v2\/tags?post=73375"}],"curies":[{"name":"wp","href":"https:\/\/api.w.org\/{rel}","templated":true}]}}