{"id":73378,"date":"2020-01-17T12:42:35","date_gmt":"2020-01-17T17:42:35","guid":{"rendered":"https:\/\/linitiative.ca\/International\/la-dematerialisation-du-timbre-fiscal-est-effective-sur-toute-letendue-du-territoire\/"},"modified":"2020-01-17T12:42:35","modified_gmt":"2020-01-17T17:42:35","slug":"la-dematerialisation-du-timbre-fiscal-est-effective-sur-toute-letendue-du-territoire","status":"publish","type":"post","link":"https:\/\/linitiative.ca\/International\/la-dematerialisation-du-timbre-fiscal-est-effective-sur-toute-letendue-du-territoire\/","title":{"rendered":"La d\u00e9mat\u00e9rialisation du timbre fiscal est effective sur toute l\u2019\u00e9tendue du territoire"},"content":{"rendered":"<div class=\"featured-area featured-area-inner\"><img loading=\"lazy\" decoding=\"async\" width=\"780\" height=\"405\" src=\"https:\/\/ecomatin.net\/wp-content\/uploads\/2020\/01\/motaze-1-780x405.jpg?is-pending-load=1\" class=\"attachment-jannah-image-post size-jannah-image-post wp-post-image jetpack-lazy-image\" alt=\"\" srcset=\"data:image\/gif;base64,R0lGODlhAQABAIAAAAAAAP\/\/\/yH5BAEAAAAALAAAAAABAAEAAAIBRAA7\"\/><\/div>\n<div class=\"entry-content entry clearfix\" readability=\"52.3295249549\">\n<p>Les dix r\u00e9gions du Cameroun ne disposent plus de timbres physiques. Les r\u00e9gions de l\u2019Extr\u00eame-Nord, du Nord et du Nord-Ouest ont compl\u00e9t\u00e9 la marche. Cette information a \u00e9t\u00e9 confirm\u00e9e par le ministre des Finances <strong>Louis Paul Motaze\u00a0<\/strong>: <em>\u00ab\u2009Avec la couverture des trois r\u00e9gions suscit\u00e9es, le timbrage des actes et documents soumis \u00e0 contribution du timbre fiscal se fait d\u00e9sormais au moyen exclusif de la machine \u00e0 timbrer sur toute l\u2019\u00e9tendue du territoire national. Par voie de cons\u00e9quence, les figurines fiscales ou timbres mobiles ne sont plus mis en vente par le minist\u00e8re des Finances\u2009\u00bb.<\/em><\/p>\n<hr\/>\n<h6 class=\"post-title entry-title\">Lire aussi : <a href=\"https:\/\/ecomatin.net\/un-nouveau-timbre-fiscal-de-25000-fcfa-pour-certains-documents-administratifs\/\">Un nouveau timbre fiscal de 25000 FCFA pour certains documents administratifs<\/a><\/h6>\n<hr\/>\n<p>Selon le membre du gouvernement, cette r\u00e9forme vise \u00e0 s\u00e9curiser les recettes fiscales. Elle participe \u00e9galement aux mesures de facilitation et de modernisation des modalit\u00e9s de perception des imp\u00f4ts et taxes. Notons qu\u2019\u00e0 la fin du mois de septembre 2019, dans son rapport d\u2019ex\u00e9cution du budget de l\u2019\u00c9tat, le ministre des Finances avait annonc\u00e9 la baisse des recettes fiscales au Cameroun d\u2019un montant de 29,4 milliards de FCFA soit -2,2% en glissement annuel, bien que les droits d\u2019enregistrement et du timbre ont re\u00e7u une hausse d\u2019environ plus de 4,1 milliards de FCFA.<\/p>\n<p>Cette r\u00e9forme sur la d\u00e9mat\u00e9rialisation du timbre physique est suivie par l\u2019instauration d\u2019un nouveau timbre fiscal\u00a0 de 25 000 FCFA, sur certains documents administratifs tels que des r\u00e9clamations contentieuses et gracieuses, des demandes de sursis de paiement et bien d\u2019autres.<\/p>\n<div class=\"sharedaddy sd-sharing-enabled robots-nocontent sd-block sd-social sd-social-icon-text sd-sharing\">\n<h3 class=\"sd-title\">Partager\u00a0:<\/h3>\n<\/div>\n<p><h3 class=\"jp-relatedposts-headline\"><em>Articles similaires<\/em><\/h3>\n<\/p>\n<div class=\"stream-item stream-item-below-post-content\"><a href=\"https:\/\/www.facebook.com\/canalpluscmr\/\" title=\"\" target=\"_blank\" rel=\"noopener noreferrer\"><img loading=\"lazy\" decoding=\"async\" src=\"https:\/\/ecomatin.net\/wp-content\/uploads\/2020\/01\/ecomatin-H1260-xL-6222-px.png\" alt=\"\" width=\"728\" height=\"90\"\/><\/a><\/div>\n<\/div>\n<div class=\"toggle-post-content clearfix\"><a id=\"toggle-post-button\" class=\"button\" href=\"#\">Afficher plus <\/a><\/div>\n<p>Auteur: Ecomatin<br \/>\n<a href=\"https:\/\/ecomatin.net\/la-dematerialisation-du-timbre-fiscal-est-effective-sur-toute-letendue-du-territoire\/\">Cliquez ici pour lire l&rsquo;article depuis sa source.<\/a><\/p>\n","protected":false},"excerpt":{"rendered":"<p>Les dix r\u00e9gions du Cameroun ne disposent plus de timbres physiques. Les r\u00e9gions de l\u2019Extr\u00eame-Nord, du Nord et du Nord-Ouest ont compl\u00e9t\u00e9 la marche. Cette information a \u00e9t\u00e9 confirm\u00e9e par le ministre des Finances Louis Paul Motaze\u00a0: \u00ab\u2009Avec la couverture des trois r\u00e9gions suscit\u00e9es, le timbrage des actes et documents soumis \u00e0 contribution du timbre [&hellip;]<\/p>\n","protected":false},"author":1969,"featured_media":0,"comment_status":"closed","ping_status":"closed","sticky":false,"template":"","format":"standard","meta":{"fifu_image_url":"","fifu_image_alt":"","footnotes":""},"categories":[82,78],"tags":[],"class_list":["post-73378","post","type-post","status-publish","format-standard","hentry","category-cameroun","category-economie"],"_links":{"self":[{"href":"https:\/\/linitiative.ca\/International\/wp-json\/wp\/v2\/posts\/73378","targetHints":{"allow":["GET"]}}],"collection":[{"href":"https:\/\/linitiative.ca\/International\/wp-json\/wp\/v2\/posts"}],"about":[{"href":"https:\/\/linitiative.ca\/International\/wp-json\/wp\/v2\/types\/post"}],"author":[{"embeddable":true,"href":"https:\/\/linitiative.ca\/International\/wp-json\/wp\/v2\/users\/1969"}],"replies":[{"embeddable":true,"href":"https:\/\/linitiative.ca\/International\/wp-json\/wp\/v2\/comments?post=73378"}],"version-history":[{"count":0,"href":"https:\/\/linitiative.ca\/International\/wp-json\/wp\/v2\/posts\/73378\/revisions"}],"wp:attachment":[{"href":"https:\/\/linitiative.ca\/International\/wp-json\/wp\/v2\/media?parent=73378"}],"wp:term":[{"taxonomy":"category","embeddable":true,"href":"https:\/\/linitiative.ca\/International\/wp-json\/wp\/v2\/categories?post=73378"},{"taxonomy":"post_tag","embeddable":true,"href":"https:\/\/linitiative.ca\/International\/wp-json\/wp\/v2\/tags?post=73378"}],"curies":[{"name":"wp","href":"https:\/\/api.w.org\/{rel}","templated":true}]}}