{"id":73382,"date":"2020-01-18T02:06:28","date_gmt":"2020-01-18T07:06:28","guid":{"rendered":"https:\/\/linitiative.ca\/International\/cycle-de-conferences-philosophiques-avec-ali-benmakhlouf-a-casablanca-et-rabat\/"},"modified":"2020-01-18T02:06:28","modified_gmt":"2020-01-18T07:06:28","slug":"cycle-de-conferences-philosophiques-avec-ali-benmakhlouf-a-casablanca-et-rabat","status":"publish","type":"post","link":"https:\/\/linitiative.ca\/International\/cycle-de-conferences-philosophiques-avec-ali-benmakhlouf-a-casablanca-et-rabat\/","title":{"rendered":"Cycle de conf\u00e9rences philosophiques avec Ali Benmakhlouf \u00e0 Casablanca et Rabat"},"content":{"rendered":"<header>\n<\/header>\n<div class=\"entry-content clearfix\" readability=\"41\"><img decoding=\"async\" class=\"post_layout_5_img\" src=\"http:\/\/aujourdhui.ma\/wp-content\/uploads\/2020\/01\/Ali-Benmakhlouf.jpg?x29840\" alt=\"Cycle de conf\u00e9rences philosophiques avec Ali Benmakhlouf \u00e0 Casablanca et Rabat\"\/><\/p>\n<p class=\"p1\"><span class=\"s1\"><span class=\"c4\"><strong>La Fondation ONA organise un cycle de conf\u00e9rences philosophiques avec Ali Benmakhlouf autour du th\u00e8me \u00abValeur et v\u00e9rit\u00e9\u00bb \u00e0 la Villa des arts de Casablanca et de Rabat.<\/strong><\/span><\/span><span id=\"more-329907\"\/><\/p>\n<p class=\"p1\"><span class=\"s1\">Ainsi la premi\u00e8re conf\u00e9rence aura lieu jeudi 30 janvier 2020. Elle sera plac\u00e9e sous le th\u00e8me \u00abV\u00e9rit\u00e9, mensonge, fausse information : les crit\u00e8res d\u2019une distinction\u00bb. En ce qui concerne la deuxi\u00e8me, elle sera organis\u00e9e sous le th\u00e8me \u00abV\u00e9rit\u00e9 et justice : quel lien\u00bb et ce jeudi 27 f\u00e9vrier 2020 \u00e0 la Villa des arts de Rabat. Il faut noter que Ali Benmakhlouf est professeur \u00e0 l\u2019universit\u00e9 de Paris- Est Cr\u00e9teil et membre s\u00e9nior de l\u2019Institut universitaire de France.<\/span><\/p>\n<\/div>\n<p>Auteur: ALM<br \/>\n<a href=\"http:\/\/aujourdhui.ma\/culture\/cycle-de-conferences-philosophiques-avec-ali-benmakhlouf-a-casablanca-et-rabat\">Cliquez ici pour lire l&rsquo;article depuis sa source.<\/a><\/p>\n","protected":false},"excerpt":{"rendered":"<p>La Fondation ONA organise un cycle de conf\u00e9rences philosophiques avec Ali Benmakhlouf autour du th\u00e8me \u00abValeur et v\u00e9rit\u00e9\u00bb \u00e0 la Villa des arts de Casablanca et de Rabat. Ainsi la premi\u00e8re conf\u00e9rence aura lieu jeudi 30 janvier 2020. Elle sera plac\u00e9e sous le th\u00e8me \u00abV\u00e9rit\u00e9, mensonge, fausse information : les crit\u00e8res d\u2019une distinction\u00bb. En ce [&hellip;]<\/p>\n","protected":false},"author":1759,"featured_media":0,"comment_status":"closed","ping_status":"closed","sticky":false,"template":"","format":"standard","meta":{"fifu_image_url":"","fifu_image_alt":"","footnotes":""},"categories":[73,54],"tags":[],"class_list":["post-73382","post","type-post","status-publish","format-standard","hentry","category-actualite","category-maroc"],"_links":{"self":[{"href":"https:\/\/linitiative.ca\/International\/wp-json\/wp\/v2\/posts\/73382","targetHints":{"allow":["GET"]}}],"collection":[{"href":"https:\/\/linitiative.ca\/International\/wp-json\/wp\/v2\/posts"}],"about":[{"href":"https:\/\/linitiative.ca\/International\/wp-json\/wp\/v2\/types\/post"}],"author":[{"embeddable":true,"href":"https:\/\/linitiative.ca\/International\/wp-json\/wp\/v2\/users\/1759"}],"replies":[{"embeddable":true,"href":"https:\/\/linitiative.ca\/International\/wp-json\/wp\/v2\/comments?post=73382"}],"version-history":[{"count":0,"href":"https:\/\/linitiative.ca\/International\/wp-json\/wp\/v2\/posts\/73382\/revisions"}],"wp:attachment":[{"href":"https:\/\/linitiative.ca\/International\/wp-json\/wp\/v2\/media?parent=73382"}],"wp:term":[{"taxonomy":"category","embeddable":true,"href":"https:\/\/linitiative.ca\/International\/wp-json\/wp\/v2\/categories?post=73382"},{"taxonomy":"post_tag","embeddable":true,"href":"https:\/\/linitiative.ca\/International\/wp-json\/wp\/v2\/tags?post=73382"}],"curies":[{"name":"wp","href":"https:\/\/api.w.org\/{rel}","templated":true}]}}