{"id":73388,"date":"2020-01-18T05:00:00","date_gmt":"2020-01-18T10:00:00","guid":{"rendered":"https:\/\/linitiative.ca\/International\/le-directeur-du-sheraton-dalger-en-detention-a-el-harrach\/"},"modified":"2020-01-18T05:00:00","modified_gmt":"2020-01-18T10:00:00","slug":"le-directeur-du-sheraton-dalger-en-detention-a-el-harrach","status":"publish","type":"post","link":"https:\/\/linitiative.ca\/International\/le-directeur-du-sheraton-dalger-en-detention-a-el-harrach\/","title":{"rendered":"Le directeur du Sheraton d\u2019Alger en d\u00e9tention \u00e0 El-Harrach"},"content":{"rendered":"<div id=\"originalText\" readability=\"61\">\n<p>Le directeur g\u00e9n\u00e9ral de l\u2019h\u00f4tel Sheraton d\u2019Alger, Sam Van Campenhout, a \u00e9t\u00e9 plac\u00e9 sous mandat de d\u00e9p\u00f4t et incarc\u00e9r\u00e9 \u00e0 la prison d\u2019El-Harrach depuis le mois de d\u00e9cembre 2019 pour avoir \u201cdivulgu\u00e9 des informations secr\u00e8tes et qui peuvent \u00eatre consid\u00e9r\u00e9es comme graves\u201d.<\/p>\n<p>Selon la presse belge qui a rendu publique cette information, Sam Van Campenhout, manager du Sheraton depuis 2017, aurait \u00e9divulgu\u00e9, dans un courriel \u00e0 son responsable de la s\u00e9curit\u00e9 de sa soci\u00e9t\u00e9 bas\u00e9e \u00e0 Duba\u00ef, des informations relatives \u00e0 la s\u00e9curit\u00e9 et jug\u00e9es secr\u00e8tes\u201d, affirmant que \u201cces informations visaient \u00e0 pr\u00e9venir le responsable de la s\u00e9curit\u00e9 des derni\u00e8res mesures en vue d\u2019une visite dans plusieurs h\u00f4tels en Alg\u00e9rie\u201d.<\/p>\n<p>La presse belge indique que cet \u00e9mail \u201cn\u2019aurait eu qu\u2019un seul et unique destinataire et il n\u2019y aurait pas eu d\u2019autres transferts de ce courriel (\u2026) Ces informations ne sont absolument pas secr\u00e8tes puisqu\u2019elles \u00e9taient accessibles dans la presse alg\u00e9rienne\u201d. La d\u00e9fense plaide pour requalifier les faits et obtenir la libert\u00e9 provisoire de ce ressortissant belge qui a \u00e9t\u00e9 auditionn\u00e9 \u00e0 deux reprises.<\/p>\n<p>\u201cDeux demandes de lib\u00e9ration ont \u00e9t\u00e9 formul\u00e9es, dont une sous caution. Les deux demandes ont \u00e9t\u00e9 refus\u00e9es par le juge (\u2026) Il devrait encore rester en prison au moins les quatre prochains mois, le temps que la proc\u00e9dure se poursuive\u201d, a r\u00e9v\u00e9l\u00e9 la m\u00eame source. au vu des faits qui lui sont reproch\u00e9s, Sam Van Campenhout risque une peine allant de 6 mois \u00e0 3 ans de prison.<br \/>\u00a0<\/p>\n<p class=\"c6\"><strong>FARID BELGACEM<\/strong><\/p>\n<\/div>\n<div id=\"text_core\" readability=\"61\">\n<p>Le directeur g\u00e9n\u00e9ral de l\u2019h\u00f4tel Sheraton d\u2019Alger, Sam Van Campenhout, a \u00e9t\u00e9 plac\u00e9 sous mandat de d\u00e9p\u00f4t et incarc\u00e9r\u00e9 \u00e0 la prison d\u2019El-Harrach depuis le mois de d\u00e9cembre 2019 pour avoir \u201cdivulgu\u00e9 des informations secr\u00e8tes et qui peuvent \u00eatre consid\u00e9r\u00e9es comme graves\u201d.<\/p>\n<p>Selon la presse belge qui a rendu publique cette information, Sam Van Campenhout, manager du Sheraton depuis 2017, aurait \u00e9divulgu\u00e9, dans un courriel \u00e0 son responsable de la s\u00e9curit\u00e9 de sa soci\u00e9t\u00e9 bas\u00e9e \u00e0 Duba\u00ef, des informations relatives \u00e0 la s\u00e9curit\u00e9 et jug\u00e9es secr\u00e8tes\u201d, affirmant que \u201cces informations visaient \u00e0 pr\u00e9venir le responsable de la s\u00e9curit\u00e9 des derni\u00e8res mesures en vue d\u2019une visite dans plusieurs h\u00f4tels en Alg\u00e9rie\u201d.<\/p>\n<p>La presse belge indique que cet \u00e9mail \u201cn\u2019aurait eu qu\u2019un seul et unique destinataire et il n\u2019y aurait pas eu d\u2019autres transferts de ce courriel (\u2026) Ces informations ne sont absolument pas secr\u00e8tes puisqu\u2019elles \u00e9taient accessibles dans la presse alg\u00e9rienne\u201d. La d\u00e9fense plaide pour requalifier les faits et obtenir la libert\u00e9 provisoire de ce ressortissant belge qui a \u00e9t\u00e9 auditionn\u00e9 \u00e0 deux reprises.<\/p>\n<p>\u201cDeux demandes de lib\u00e9ration ont \u00e9t\u00e9 formul\u00e9es, dont une sous caution. Les deux demandes ont \u00e9t\u00e9 refus\u00e9es par le juge (\u2026) Il devrait encore rester en prison au moins les quatre prochains mois, le temps que la proc\u00e9dure se poursuive\u201d, a r\u00e9v\u00e9l\u00e9 la m\u00eame source. au vu des faits qui lui sont reproch\u00e9s, Sam Van Campenhout risque une peine allant de 6 mois \u00e0 3 ans de prison.<br \/>\u00a0<\/p>\n<p class=\"c6\"><strong>FARID BELGACEM<\/strong><\/p>\n<\/div>\n<p>Auteur:<br \/>\n<a href=\"https:\/\/www.liberte-algerie.com\/actualite\/le-directeur-du-sheraton-dalger-en-detention-a-el-harrach-332082\">Cliquez ici pour lire l&rsquo;article depuis sa source.<\/a><\/p>\n","protected":false},"excerpt":{"rendered":"<p>Le directeur g\u00e9n\u00e9ral de l\u2019h\u00f4tel Sheraton d\u2019Alger, Sam Van Campenhout, a \u00e9t\u00e9 plac\u00e9 sous mandat de d\u00e9p\u00f4t et incarc\u00e9r\u00e9 \u00e0 la prison d\u2019El-Harrach depuis le mois de d\u00e9cembre 2019 pour avoir \u201cdivulgu\u00e9 des informations secr\u00e8tes et qui peuvent \u00eatre consid\u00e9r\u00e9es comme graves\u201d. Selon la presse belge qui a rendu publique cette information, Sam Van Campenhout, [&hellip;]<\/p>\n","protected":false},"author":1742,"featured_media":0,"comment_status":"closed","ping_status":"closed","sticky":false,"template":"","format":"standard","meta":{"fifu_image_url":"","fifu_image_alt":"","footnotes":""},"categories":[73,53],"tags":[],"class_list":["post-73388","post","type-post","status-publish","format-standard","hentry","category-actualite","category-algerie"],"_links":{"self":[{"href":"https:\/\/linitiative.ca\/International\/wp-json\/wp\/v2\/posts\/73388","targetHints":{"allow":["GET"]}}],"collection":[{"href":"https:\/\/linitiative.ca\/International\/wp-json\/wp\/v2\/posts"}],"about":[{"href":"https:\/\/linitiative.ca\/International\/wp-json\/wp\/v2\/types\/post"}],"author":[{"embeddable":true,"href":"https:\/\/linitiative.ca\/International\/wp-json\/wp\/v2\/users\/1742"}],"replies":[{"embeddable":true,"href":"https:\/\/linitiative.ca\/International\/wp-json\/wp\/v2\/comments?post=73388"}],"version-history":[{"count":0,"href":"https:\/\/linitiative.ca\/International\/wp-json\/wp\/v2\/posts\/73388\/revisions"}],"wp:attachment":[{"href":"https:\/\/linitiative.ca\/International\/wp-json\/wp\/v2\/media?parent=73388"}],"wp:term":[{"taxonomy":"category","embeddable":true,"href":"https:\/\/linitiative.ca\/International\/wp-json\/wp\/v2\/categories?post=73388"},{"taxonomy":"post_tag","embeddable":true,"href":"https:\/\/linitiative.ca\/International\/wp-json\/wp\/v2\/tags?post=73388"}],"curies":[{"name":"wp","href":"https:\/\/api.w.org\/{rel}","templated":true}]}}