{"id":73396,"date":"2020-01-18T09:45:01","date_gmt":"2020-01-18T14:45:01","guid":{"rendered":"https:\/\/linitiative.ca\/International\/les-produits-du-terroir-une-filiere-dartisanat-plus-vivace-que-jamais\/"},"modified":"2020-01-18T09:45:01","modified_gmt":"2020-01-18T14:45:01","slug":"les-produits-du-terroir-une-filiere-dartisanat-plus-vivace-que-jamais","status":"publish","type":"post","link":"https:\/\/linitiative.ca\/International\/les-produits-du-terroir-une-filiere-dartisanat-plus-vivace-que-jamais\/","title":{"rendered":"Les produits du terroir, une fili\u00e8re d\u2019artisanat plus vivace que jamais"},"content":{"rendered":"<div readability=\"35\">\n<p>Marrakech \u2013 Les produits du terroir \u00e0 tendance cosm\u00e9tique ou alimentaire constituent une fili\u00e8re fortement pr\u00e9sente et plus vivace que jamais dans le secteur de l\u2019artisanat marocain, apportant une dimension de nitescence sur le march\u00e9 international.<\/p>\n<\/div>\n<div readability=\"111\">\n<p class=\"c5\">Une tourn\u00e9e \u00e0 travers les diff\u00e9rents stands d\u00e9di\u00e9s \u00e0 la fili\u00e8re et am\u00e9nag\u00e9s \u00e0 l\u2019occasion de la 6\u00e8me \u00e9dition de la Semaine nationale de l\u2019artisanat (SNA), qui se poursuit jusqu\u2019au 26 janvier \u00e0 Marrakech, sous le Haut Patronage de SM le Roi Mohammed VI, est l\u2019occasion de d\u00e9couvrir des gammes compl\u00e8tes de soins et d\u2019aliments naturels sans substances ajout\u00e9es et de grande qualit\u00e9.<\/p>\n<p class=\"c5\">Henn\u00e9, ghassoul, savon noir, huiles essentielles, ces produits naturels soigneusement s\u00e9lectionn\u00e9s apportent une perspective unique de ressourcement et de relaxation.<\/p>\n<p class=\"c5\">L\u2019huile d\u2019argan, reconnue dans le monde entier, constitue un tr\u00e9sor de la nature utilis\u00e9 depuis des si\u00e8cles par les femmes pour ses vertus cosm\u00e9tiques exceptionnelles.<\/p>\n<p class=\"c5\">Approch\u00e9 par la MAP, Rachid El Mouadene, charg\u00e9 de vente de la coop\u00e9rative foresti\u00e8re \u00ab\u00a0Alakhawat\u00a0\u00bb, a soulign\u00e9 que celle-ci se consacre \u00e0 un ensemble de produits sp\u00e9cifiques \u00e0 la province de Chtouka Ait Baha, notamment l\u2019huile d\u2019argan cosm\u00e9tique et alimentaire, ou encore l\u2019huile de figue de barbarie.<\/p>\n<p class=\"c5\">\u00ab\u00a0L\u2019objectif principal de la cr\u00e9ation de la coop\u00e9rative et de la vente de ses produits est de participer activement au d\u00e9veloppement de la femme rurale, un but essentiel soulign\u00e9 en premier lieu dans le statut de notre coop\u00e9rative\u2019\u2019, a ajout\u00e9 M. El Mouaden, pr\u00e9cisant que \u00ab\u00a040 femmes membres b\u00e9n\u00e9ficient d\u2019ateliers de formation et de programmes de lutte contre l\u2019analphab\u00e9tisme\u00a0\u00bb.<\/p>\n<p class=\"c5\">Manar Zahrane, pr\u00e9sidente de la coop\u00e9rative \u00ab\u00a0Manar Flor\u00a0\u00bb, a de son c\u00f4t\u00e9, fait savoir \u00e0 la MAP que ce salon t\u00e9moigne de la richesse du patrimoine culturel et artistique qui fait honneur au Maroc, permettant ainsi un partage des connaissances entre artisans.<\/p>\n<p class=\"c5\">Cette Casablancaise dipl\u00f4m\u00e9e en sciences \u00e9conomiques, qui participe pour la premi\u00e8re fois \u00e0 cette manifestation, a affirm\u00e9 avoir choisi la bonne feuille de route pour son avenir en prenant en charge une coop\u00e9rative qui dispose d\u2019un haut potentiel d\u2019accroissement sur le long terme.<\/p>\n<p class=\"c5\">Pour sa part, Hanane Messlagh, membre de la coop\u00e9rative \u00ab\u00a0Al Ikhwa\u00a0\u00bb, a consid\u00e9r\u00e9 que les produits biologiques dans lesquels ils se sp\u00e9cialisent, sont de plus en plus demand\u00e9s par les clients, conscients de leurs bienfaits multiples sur la sant\u00e9 de l\u2019Homme.<\/p>\n<p class=\"c5\">\u00ab\u00a0Le ghassoul est une argile bien connue au Maroc, plus particuli\u00e8rement dans les gisements de Missour\u00a0\u00bb, a indiqu\u00e9 \u00e0 la MAP cette habitu\u00e9e du salon, expliquant que ce type de produit n\u2019est commercialis\u00e9 efficacement que par un bouche \u00e0 oreille positif des clients .<\/p>\n<p class=\"c5\">Organis\u00e9e \u00e0 l\u2019initiative du minist\u00e8re du Tourisme, de l\u2019Artisanat, du Transport a\u00e9rien et de l\u2019\u00c9conomie sociale, \u00e0 travers la Maison de l\u2019artisan, cette \u00e9dition de la SNA vise \u00e0 construire une image de marque pour l\u2019artisanat marocain, \u00e0 faire de cet \u00e9v\u00e9nement un espace de rencontres incontournable pour les artisans qui souhaitent mettre en valeur leurs cr\u00e9ations, \u00e0 s\u2019informer sur l\u2019\u00e9volution des tendances, \u00e0 trouver de nouveaux d\u00e9bouch\u00e9s et \u00e0 aider \u00e0 la commercialisation du produit, tout en pr\u00e9servant et am\u00e9liorant les revenus des artisans.<\/p>\n<\/div>\n<p>Auteur: Meriem IGASS<br \/>\n<a href=\"http:\/\/www.mapmarrakech.ma\/fr\/produits\/\">Cliquez ici pour lire l&rsquo;article depuis sa source.<\/a><\/p>\n","protected":false},"excerpt":{"rendered":"<p>Marrakech \u2013 Les produits du terroir \u00e0 tendance cosm\u00e9tique ou alimentaire constituent une fili\u00e8re fortement pr\u00e9sente et plus vivace que jamais dans le secteur de l\u2019artisanat marocain, apportant une dimension de nitescence sur le march\u00e9 international. Une tourn\u00e9e \u00e0 travers les diff\u00e9rents stands d\u00e9di\u00e9s \u00e0 la fili\u00e8re et am\u00e9nag\u00e9s \u00e0 l\u2019occasion de la 6\u00e8me \u00e9dition [&hellip;]<\/p>\n","protected":false},"author":1788,"featured_media":0,"comment_status":"closed","ping_status":"closed","sticky":false,"template":"","format":"standard","meta":{"fifu_image_url":"","fifu_image_alt":"","footnotes":""},"categories":[54,76],"tags":[],"class_list":["post-73396","post","type-post","status-publish","format-standard","hentry","category-maroc","category-regions"],"_links":{"self":[{"href":"https:\/\/linitiative.ca\/International\/wp-json\/wp\/v2\/posts\/73396","targetHints":{"allow":["GET"]}}],"collection":[{"href":"https:\/\/linitiative.ca\/International\/wp-json\/wp\/v2\/posts"}],"about":[{"href":"https:\/\/linitiative.ca\/International\/wp-json\/wp\/v2\/types\/post"}],"author":[{"embeddable":true,"href":"https:\/\/linitiative.ca\/International\/wp-json\/wp\/v2\/users\/1788"}],"replies":[{"embeddable":true,"href":"https:\/\/linitiative.ca\/International\/wp-json\/wp\/v2\/comments?post=73396"}],"version-history":[{"count":0,"href":"https:\/\/linitiative.ca\/International\/wp-json\/wp\/v2\/posts\/73396\/revisions"}],"wp:attachment":[{"href":"https:\/\/linitiative.ca\/International\/wp-json\/wp\/v2\/media?parent=73396"}],"wp:term":[{"taxonomy":"category","embeddable":true,"href":"https:\/\/linitiative.ca\/International\/wp-json\/wp\/v2\/categories?post=73396"},{"taxonomy":"post_tag","embeddable":true,"href":"https:\/\/linitiative.ca\/International\/wp-json\/wp\/v2\/tags?post=73396"}],"curies":[{"name":"wp","href":"https:\/\/api.w.org\/{rel}","templated":true}]}}