{"id":73419,"date":"2020-01-18T11:08:00","date_gmt":"2020-01-18T16:08:00","guid":{"rendered":"https:\/\/linitiative.ca\/International\/vers-un-mouvement-dans-le-corps-des-walis\/"},"modified":"2020-01-18T11:08:00","modified_gmt":"2020-01-18T16:08:00","slug":"vers-un-mouvement-dans-le-corps-des-walis","status":"publish","type":"post","link":"https:\/\/linitiative.ca\/International\/vers-un-mouvement-dans-le-corps-des-walis\/","title":{"rendered":"Vers un mouvement dans le corps  des walis ?"},"content":{"rendered":"<p><br id=\"sep_para_1\" class=\"sep_para access\"\/><\/p>\n<div id=\"para_1\" class=\"para_35066831 resize\">\n<div class=\"texte access firstletter\">Selon une information rapport\u00e9e par le quotidien Libert\u00e9,\u00a0 le pr\u00e9sident de la R\u00e9publique Abdelmadjid Tebboune, proc\u00e9dera, tr\u00e8s prochainement, \u00e0 un vaste mouvement dans le corps des walis.\u00a0 Selon la m\u00eame source, le prochain mouvement dans le corps des walis touchera les 48 wilayas du pays et les wilayas d\u00e9l\u00e9gu\u00e9es, et la plupart d\u2019entre eux ne seront plus reconduits dans une quelconque fonction. La liste des nouveaux walis aurait \u00e9t\u00e9 \u00e9tablie la semaine pass\u00e9e, mais le mouvement a \u00e9t\u00e9 report\u00e9 \u00e0 cause de la participation de Tebboune \u00e0 la conf\u00e9rence internationale sur la Libye qui aura lieu aujourd\u2019hui \u00e0 Berlin en Allemagne.<\/div>\n<\/div>\n<p>Auteur: R\u00e9flexion<br \/>\n<a href=\"https:\/\/www.reflexiondz.net\/Vers-un-mouvement-dans-le-corps-des-walis_a60076.html\">Cliquez ici pour lire l&rsquo;article depuis sa source.<\/a><\/p>\n","protected":false},"excerpt":{"rendered":"<p>Selon une information rapport\u00e9e par le quotidien Libert\u00e9,\u00a0 le pr\u00e9sident de la R\u00e9publique Abdelmadjid Tebboune, proc\u00e9dera, tr\u00e8s prochainement, \u00e0 un vaste mouvement dans le corps des walis.\u00a0 Selon la m\u00eame source, le prochain mouvement dans le corps des walis touchera les 48 wilayas du pays et les wilayas d\u00e9l\u00e9gu\u00e9es, et la plupart d\u2019entre eux ne [&hellip;]<\/p>\n","protected":false},"author":1740,"featured_media":0,"comment_status":"closed","ping_status":"closed","sticky":false,"template":"","format":"standard","meta":{"fifu_image_url":"","fifu_image_alt":"","footnotes":""},"categories":[53,76],"tags":[],"class_list":["post-73419","post","type-post","status-publish","format-standard","hentry","category-algerie","category-regions"],"_links":{"self":[{"href":"https:\/\/linitiative.ca\/International\/wp-json\/wp\/v2\/posts\/73419","targetHints":{"allow":["GET"]}}],"collection":[{"href":"https:\/\/linitiative.ca\/International\/wp-json\/wp\/v2\/posts"}],"about":[{"href":"https:\/\/linitiative.ca\/International\/wp-json\/wp\/v2\/types\/post"}],"author":[{"embeddable":true,"href":"https:\/\/linitiative.ca\/International\/wp-json\/wp\/v2\/users\/1740"}],"replies":[{"embeddable":true,"href":"https:\/\/linitiative.ca\/International\/wp-json\/wp\/v2\/comments?post=73419"}],"version-history":[{"count":0,"href":"https:\/\/linitiative.ca\/International\/wp-json\/wp\/v2\/posts\/73419\/revisions"}],"wp:attachment":[{"href":"https:\/\/linitiative.ca\/International\/wp-json\/wp\/v2\/media?parent=73419"}],"wp:term":[{"taxonomy":"category","embeddable":true,"href":"https:\/\/linitiative.ca\/International\/wp-json\/wp\/v2\/categories?post=73419"},{"taxonomy":"post_tag","embeddable":true,"href":"https:\/\/linitiative.ca\/International\/wp-json\/wp\/v2\/tags?post=73419"}],"curies":[{"name":"wp","href":"https:\/\/api.w.org\/{rel}","templated":true}]}}