{"id":73420,"date":"2020-01-18T11:08:00","date_gmt":"2020-01-18T16:08:00","guid":{"rendered":"https:\/\/linitiative.ca\/International\/grande-mosquee-de-paris-le-nouveau-recteur-nest-pas-candidat-au-cfcm\/"},"modified":"2020-01-18T11:08:00","modified_gmt":"2020-01-18T16:08:00","slug":"grande-mosquee-de-paris-le-nouveau-recteur-nest-pas-candidat-au-cfcm","status":"publish","type":"post","link":"https:\/\/linitiative.ca\/International\/grande-mosquee-de-paris-le-nouveau-recteur-nest-pas-candidat-au-cfcm\/","title":{"rendered":"GRANDE MOSQUEE DE PARIS  : Le nouveau recteur n\u2019est pas candidat au CFCM"},"content":{"rendered":"<p><br id=\"sep_para_1\" class=\"sep_para access\"\/><\/p>\n<div id=\"para_1\" class=\"para_35066825 resize\">\n<div class=\"texte access firstletter\">Le nouveau recteur de la Grande Mosqu\u00e9e de Paris, Chams-Eddine Hafiz ne sera pas candidat \u00e0 la pr\u00e9sidence du Conseil fran\u00e7ais du culte musulman (CFCM) que pr\u00e9side le marocain, Mohamed Moussaoui. En effet, homme de consensus et de dialogue et incarnant l\u2019islam des lumi\u00e8res, le nouveau patron de la Grande Mosqu\u00e9e a d\u00e9cid\u00e9 de soutenir l\u2019actuel pr\u00e9sident du CFCM pour un autre mandat en signe de \u00ab\u00a0fraternit\u00e9\u00a0\u00bb avec la communaut\u00e9 marocaine et plus g\u00e9n\u00e9ralement tous les musulmans de France. \u00abJ\u2019ai d\u00e9cid\u00e9 de retirer ma candidature pour la pr\u00e9sidence du CFCM pour une repr\u00e9sentation de concertation et de responsabilit\u00e9\u00bb a-t-il \u00e9crit, samedi,\u00a0 sur sa page Facebook. Un geste d&rsquo;ouverture qui a \u00e9t\u00e9 salu\u00e9 par les internautes qui voient en lui un homme de dialogue capable de redorer son blason \u00e0 la Grande Mosqu\u00e9e de Paris, g\u00e9r\u00e9e depuis des ann\u00e9es par Dalil Boubakeur qui \u00e9tait loin de faire l&rsquo;unanimit\u00e9. Pour rappel, Chams-Eddine Hafiz a ravi le poste tr\u00e8s pris\u00e9 de Recteur de la Grande Mosqu\u00e9e de Paris \u00e0 deux poids lourds fortement soutenus, \u00e0 savoir l&rsquo;ex ministre, Mustapha Cherif, et Ghalib Benchikh, pr\u00e9sident de la Conf\u00e9rence mondiale des religions.<\/div>\n<\/div>\n<p>Auteur: Ismain<br \/>\n<a href=\"https:\/\/www.reflexiondz.net\/GRANDE-MOSQUEE-DE-PARIS-Le-nouveau-recteur-n-est-pas-candidat-au-CFCM_a60073.html\">Cliquez ici pour lire l&rsquo;article depuis sa source.<\/a><\/p>\n","protected":false},"excerpt":{"rendered":"<p>Le nouveau recteur de la Grande Mosqu\u00e9e de Paris, Chams-Eddine Hafiz ne sera pas candidat \u00e0 la pr\u00e9sidence du Conseil fran\u00e7ais du culte musulman (CFCM) que pr\u00e9side le marocain, Mohamed Moussaoui. En effet, homme de consensus et de dialogue et incarnant l\u2019islam des lumi\u00e8res, le nouveau patron de la Grande Mosqu\u00e9e a d\u00e9cid\u00e9 de soutenir [&hellip;]<\/p>\n","protected":false},"author":1740,"featured_media":0,"comment_status":"closed","ping_status":"closed","sticky":false,"template":"","format":"standard","meta":{"fifu_image_url":"","fifu_image_alt":"","footnotes":""},"categories":[53,76],"tags":[],"class_list":["post-73420","post","type-post","status-publish","format-standard","hentry","category-algerie","category-regions"],"_links":{"self":[{"href":"https:\/\/linitiative.ca\/International\/wp-json\/wp\/v2\/posts\/73420","targetHints":{"allow":["GET"]}}],"collection":[{"href":"https:\/\/linitiative.ca\/International\/wp-json\/wp\/v2\/posts"}],"about":[{"href":"https:\/\/linitiative.ca\/International\/wp-json\/wp\/v2\/types\/post"}],"author":[{"embeddable":true,"href":"https:\/\/linitiative.ca\/International\/wp-json\/wp\/v2\/users\/1740"}],"replies":[{"embeddable":true,"href":"https:\/\/linitiative.ca\/International\/wp-json\/wp\/v2\/comments?post=73420"}],"version-history":[{"count":0,"href":"https:\/\/linitiative.ca\/International\/wp-json\/wp\/v2\/posts\/73420\/revisions"}],"wp:attachment":[{"href":"https:\/\/linitiative.ca\/International\/wp-json\/wp\/v2\/media?parent=73420"}],"wp:term":[{"taxonomy":"category","embeddable":true,"href":"https:\/\/linitiative.ca\/International\/wp-json\/wp\/v2\/categories?post=73420"},{"taxonomy":"post_tag","embeddable":true,"href":"https:\/\/linitiative.ca\/International\/wp-json\/wp\/v2\/tags?post=73420"}],"curies":[{"name":"wp","href":"https:\/\/api.w.org\/{rel}","templated":true}]}}