{"id":73421,"date":"2020-01-18T11:08:00","date_gmt":"2020-01-18T16:08:00","guid":{"rendered":"https:\/\/linitiative.ca\/International\/universite-de-boumerdes-un-quadragenaire-tente-de-violer-une-etudiante\/"},"modified":"2020-01-18T11:08:00","modified_gmt":"2020-01-18T16:08:00","slug":"universite-de-boumerdes-un-quadragenaire-tente-de-violer-une-etudiante","status":"publish","type":"post","link":"https:\/\/linitiative.ca\/International\/universite-de-boumerdes-un-quadragenaire-tente-de-violer-une-etudiante\/","title":{"rendered":"UNIVERSITE DE BOUMERDES : Un quadrag\u00e9naire tente  de violer une \u00e9tudiante"},"content":{"rendered":"<p><br id=\"sep_para_1\" class=\"sep_para access\"\/><\/p>\n<div id=\"para_1\" class=\"para_35066820 resize\">\n<div class=\"texte access firstletter\">Les \u00e9tudiants de l\u2019universit\u00e9 M\u2019Hamed Bougara de Boumerd\u00e8s sont sous le choc. Une \u00e9tudiante mineure a \u00e9t\u00e9 victime d\u2019une tentative de viol \u00e0 l\u2019int\u00e9rieur des toilettes de la facult\u00e9 de g\u00e9nie \u00e9lectrique et \u00e9lectronique, rapporte le quotidien arabophone El Bilad.\u00a0\u00a0 Selon la m\u00eame source qui cite des \u00e9tudiants, un homme \u00e2g\u00e9 d\u2019une quarantaine d\u2019ann\u00e9es aurait suivi la jeune \u00e9tudiante \u00e0 l\u2019int\u00e9rieur des toilettes pour femmes. Il aurait ensuite, tent\u00e9 de l\u2019agresser sexuellement. La victime n\u2019a d\u00fb son salut qu\u2019\u00e0 l\u2019intervention d\u2019une autre \u00e9tudiante qui l\u2019a secourue. Cette derni\u00e8re aurait entendu un bruit provenant des toilettes, lorsque la jeune femme a \u00e9t\u00e9 agress\u00e9e par l\u2019individu qui serait \u00e9tranger \u00e0 l\u2019universit\u00e9. Plusieurs centaines d\u2019\u00e9tudiants se sont rassembl\u00e9s jeudi matin, pour d\u00e9noncer l\u2019absence de s\u00e9curit\u00e9 \u00e0 l\u2019int\u00e9rieur de leur universit\u00e9. Encore choqu\u00e9s, certains \u00e9tudiants ont encore du mal \u00e0 r\u00e9aliser ce qui s\u2019est produit \u00e0 l\u2019int\u00e9rieur m\u00eame de leur d\u00e9partement. Les \u00e9tudiants de l\u2019universit\u00e9 M\u2019Hamed Bougara de Boumerd\u00e8s se disent \u00ab\u00a0r\u00e9volt\u00e9s\u00a0\u00bb par ce manque de s\u00e9curit\u00e9. Ils\u00a0 affirment que des personnes venues de l\u2019ext\u00e9rieur n\u2019h\u00e9sitent pas \u00e0 faire des all\u00e9es-venues \u00e0 l\u2019int\u00e9rieur des campus et dans les r\u00e9sidences universitaires. Ils estiment que ces probl\u00e8mes de s\u00e9curit\u00e9 existent depuis longtemps.<\/div>\n<\/div>\n<p>Auteur: Ismain<br \/>\n<a href=\"https:\/\/www.reflexiondz.net\/UNIVERSITE-DE-BOUMERDES-Un-quadragenaire-tente-de-violer-une-etudiante_a60071.html\">Cliquez ici pour lire l&rsquo;article depuis sa source.<\/a><\/p>\n","protected":false},"excerpt":{"rendered":"<p>Les \u00e9tudiants de l\u2019universit\u00e9 M\u2019Hamed Bougara de Boumerd\u00e8s sont sous le choc. Une \u00e9tudiante mineure a \u00e9t\u00e9 victime d\u2019une tentative de viol \u00e0 l\u2019int\u00e9rieur des toilettes de la facult\u00e9 de g\u00e9nie \u00e9lectrique et \u00e9lectronique, rapporte le quotidien arabophone El Bilad.\u00a0\u00a0 Selon la m\u00eame source qui cite des \u00e9tudiants, un homme \u00e2g\u00e9 d\u2019une quarantaine d\u2019ann\u00e9es aurait [&hellip;]<\/p>\n","protected":false},"author":1740,"featured_media":0,"comment_status":"closed","ping_status":"closed","sticky":false,"template":"","format":"standard","meta":{"fifu_image_url":"","fifu_image_alt":"","footnotes":""},"categories":[53,76],"tags":[],"class_list":["post-73421","post","type-post","status-publish","format-standard","hentry","category-algerie","category-regions"],"_links":{"self":[{"href":"https:\/\/linitiative.ca\/International\/wp-json\/wp\/v2\/posts\/73421","targetHints":{"allow":["GET"]}}],"collection":[{"href":"https:\/\/linitiative.ca\/International\/wp-json\/wp\/v2\/posts"}],"about":[{"href":"https:\/\/linitiative.ca\/International\/wp-json\/wp\/v2\/types\/post"}],"author":[{"embeddable":true,"href":"https:\/\/linitiative.ca\/International\/wp-json\/wp\/v2\/users\/1740"}],"replies":[{"embeddable":true,"href":"https:\/\/linitiative.ca\/International\/wp-json\/wp\/v2\/comments?post=73421"}],"version-history":[{"count":0,"href":"https:\/\/linitiative.ca\/International\/wp-json\/wp\/v2\/posts\/73421\/revisions"}],"wp:attachment":[{"href":"https:\/\/linitiative.ca\/International\/wp-json\/wp\/v2\/media?parent=73421"}],"wp:term":[{"taxonomy":"category","embeddable":true,"href":"https:\/\/linitiative.ca\/International\/wp-json\/wp\/v2\/categories?post=73421"},{"taxonomy":"post_tag","embeddable":true,"href":"https:\/\/linitiative.ca\/International\/wp-json\/wp\/v2\/tags?post=73421"}],"curies":[{"name":"wp","href":"https:\/\/api.w.org\/{rel}","templated":true}]}}