{"id":73422,"date":"2020-01-18T11:08:00","date_gmt":"2020-01-18T16:08:00","guid":{"rendered":"https:\/\/linitiative.ca\/International\/le-president-tebboune-preside-son-deuxieme-conseil-des-ministres-vers-la-redynamisation-de-plusieurs-activites-sectorielles\/"},"modified":"2020-01-18T11:08:00","modified_gmt":"2020-01-18T16:08:00","slug":"le-president-tebboune-preside-son-deuxieme-conseil-des-ministres-vers-la-redynamisation-de-plusieurs-activites-sectorielles","status":"publish","type":"post","link":"https:\/\/linitiative.ca\/International\/le-president-tebboune-preside-son-deuxieme-conseil-des-ministres-vers-la-redynamisation-de-plusieurs-activites-sectorielles\/","title":{"rendered":"LE PRESIDENT TEBBOUNE PRESIDE SON DEUXIEME CONSEIL DES MINISTRES : Vers la redynamisation de plusieurs activit\u00e9s sectorielles"},"content":{"rendered":"<p><br id=\"sep_para_1\" class=\"sep_para access\"\/><\/p>\n<div id=\"para_1\" class=\"para_35066819 resize\">\n<div class=\"photo shadow left\"><a href=\"javascript:void(0)\" rel=\"https:\/\/www.reflexiondz.net\/photo\/art\/grande\/41902031-35066819.jpg?v=1579373141&#038;ibox\" title=\"LE PRESIDENT TEBBOUNE PRESIDE SON DEUXIEME CONSEIL DES MINISTRES : Vers la redynamisation de plusieurs activit\u00e9s sectorielles\"><img decoding=\"async\" class=\"responsive c9\" src=\"https:\/\/www.reflexiondz.net\/photo\/art\/grande\/41902031-35066819.jpg?v=1579373141\" alt=\"LE PRESIDENT TEBBOUNE PRESIDE SON DEUXIEME CONSEIL DES MINISTRES : Vers la redynamisation de plusieurs activit\u00e9s sectorielles\" title=\"LE PRESIDENT TEBBOUNE PRESIDE SON DEUXIEME CONSEIL DES MINISTRES : Vers la redynamisation de plusieurs activit\u00e9s sectorielles\"\/><img decoding=\"async\" class=\"not-responsive\" src=\"https:\/\/www.reflexiondz.net\/photo\/art\/default\/41902031-35066819.jpg?v=1579373141\" alt=\"LE PRESIDENT TEBBOUNE PRESIDE SON DEUXIEME CONSEIL DES MINISTRES : Vers la redynamisation de plusieurs activit\u00e9s sectorielles\" title=\"LE PRESIDENT TEBBOUNE PRESIDE SON DEUXIEME CONSEIL DES MINISTRES : Vers la redynamisation de plusieurs activit\u00e9s sectorielles\"\/><\/a><\/div>\n<div class=\"texte access firstletter\">En effet, le conseil des ministres a \u00e9t\u00e9 avanc\u00e9 \u00e0 samedi 18 janvier, car le pr\u00e9sident de la R\u00e9publique Abdelmadjid Tebboune s\u2019envolera d\u2019aujourd\u2019hui, pour Berlin afin de participer au sommet sur la Libye. Le Conseil des ministres s\u2019est\u00a0 notamment\u00a0 pench\u00e9 sur plusieurs questions inscrites \u00e0 l\u2019ordre du jour de cette r\u00e9union. Des dossiers relatifs \u00e0 la redynamisation et au d\u00e9veloppement des activit\u00e9s sectorielles dans plusieurs domaines, sant\u00e9, industrie, agriculture, habitat, commerce et commerce ext\u00e9rieur, ainsi que les petites entreprises et les start-up. Pour rappel, un premier Conseil des ministres avait eu lieu le 5 janvier pr\u00e9sid\u00e9 par Tebboune, deux jours apr\u00e8s avoir annonc\u00e9 son nouveau gouvernement. Sur la tension en Libye, il a \u00e9t\u00e9 d\u00e9j\u00e0 question de l\u2019importance de tirer les principaux enseignements, au plan strat\u00e9gique, pour mieux anticiper les r\u00e9percussions de la d\u00e9t\u00e9rioration de la situation s\u00e9curitaire dans la r\u00e9gion sur notre s\u00e9curit\u00e9 nationale. Les axes essentiels du programme de Tebboune et ses 54 engagements ont \u00e9t\u00e9 \u00e0 l\u2019occasion d\u00e9clin\u00e9s. Le Pr\u00e9sident a donn\u00e9 des orientations concernant l\u2019\u00e9laboration du plan d\u2019action du Gouvernement et a fix\u00e9 la feuille de route de chaque ministre. Il a insist\u00e9 sur l\u2019importance accord\u00e9e aux volets politique, institutionnel, socio\u00e9conomique et culturel dans l\u2019objectif de\u00a0 l\u2019\u00e9dification d\u2019une \u00ab nouvelle R\u00e9publique \u00bb. Le chef de l\u2019Etat a instruit les membres du gouvernement d\u2019\u00eatre \u00e0 l\u2019\u00e9coute des pr\u00e9occupations et besoins des citoyens et le devoir\u00a0 de pr\u00e9servation des deniers publics, de la lutte contre les comportements bureaucratiques et du respect des\u00a0 engagements de l\u2019Etat. Un profond amendement de la Constitution,\u00a0 \u00ab pierre angulaire de l\u2019\u00e9dification\u00a0 de la nouvelle R\u00e9publique \u00bb, ainsi que de certains textes de loi importants, \u00e0 l\u2019instar de la loi organique relative au r\u00e9gime \u00e9lectoral, avaient \u00e9t\u00e9 annonc\u00e9s.\u00a0 Moralisation de la vie politique : l\u2019accent a \u00e9t\u00e9 mis sur la n\u00e9cessit\u00e9 de la moralisation de la vie politique par la cons\u00e9cration de la s\u00e9paration entre l\u2019argent et la politique et la lutte contre la m\u00e9diocrit\u00e9 dans la gestion. L\u2019ind\u00e9pendance de la justice et la promotion de la v\u00e9ritable d\u00e9mocratie participative, celle favorisant l\u2019\u00e9panouissement social et politique de tous a \u00e9t\u00e9 pr\u00e9conis\u00e9e.<\/div>\n<\/div>\n<p>Auteur: Ismain<br \/>\n<a href=\"https:\/\/www.reflexiondz.net\/LE-PRESIDENT-TEBBOUNE-PRESIDE-SON-DEUXIEME-CONSEIL-DES-MINISTRES-Vers-la-redynamisation-de-plusieurs-activites_a60070.html\">Cliquez ici pour lire l&rsquo;article depuis sa source.<\/a><\/p>\n","protected":false},"excerpt":{"rendered":"<p>En effet, le conseil des ministres a \u00e9t\u00e9 avanc\u00e9 \u00e0 samedi 18 janvier, car le pr\u00e9sident de la R\u00e9publique Abdelmadjid Tebboune s\u2019envolera d\u2019aujourd\u2019hui, pour Berlin afin de participer au sommet sur la Libye. Le Conseil des ministres s\u2019est\u00a0 notamment\u00a0 pench\u00e9 sur plusieurs questions inscrites \u00e0 l\u2019ordre du jour de cette r\u00e9union. Des dossiers relatifs \u00e0 [&hellip;]<\/p>\n","protected":false},"author":1740,"featured_media":0,"comment_status":"closed","ping_status":"closed","sticky":false,"template":"","format":"standard","meta":{"fifu_image_url":"","fifu_image_alt":"","footnotes":""},"categories":[53,76],"tags":[],"class_list":["post-73422","post","type-post","status-publish","format-standard","hentry","category-algerie","category-regions"],"_links":{"self":[{"href":"https:\/\/linitiative.ca\/International\/wp-json\/wp\/v2\/posts\/73422","targetHints":{"allow":["GET"]}}],"collection":[{"href":"https:\/\/linitiative.ca\/International\/wp-json\/wp\/v2\/posts"}],"about":[{"href":"https:\/\/linitiative.ca\/International\/wp-json\/wp\/v2\/types\/post"}],"author":[{"embeddable":true,"href":"https:\/\/linitiative.ca\/International\/wp-json\/wp\/v2\/users\/1740"}],"replies":[{"embeddable":true,"href":"https:\/\/linitiative.ca\/International\/wp-json\/wp\/v2\/comments?post=73422"}],"version-history":[{"count":0,"href":"https:\/\/linitiative.ca\/International\/wp-json\/wp\/v2\/posts\/73422\/revisions"}],"wp:attachment":[{"href":"https:\/\/linitiative.ca\/International\/wp-json\/wp\/v2\/media?parent=73422"}],"wp:term":[{"taxonomy":"category","embeddable":true,"href":"https:\/\/linitiative.ca\/International\/wp-json\/wp\/v2\/categories?post=73422"},{"taxonomy":"post_tag","embeddable":true,"href":"https:\/\/linitiative.ca\/International\/wp-json\/wp\/v2\/tags?post=73422"}],"curies":[{"name":"wp","href":"https:\/\/api.w.org\/{rel}","templated":true}]}}