{"id":73423,"date":"2020-01-18T13:27:00","date_gmt":"2020-01-18T18:27:00","guid":{"rendered":"https:\/\/linitiative.ca\/International\/monoxyde-de-carbone-30-morts-depuis-debut-janvier\/"},"modified":"2020-01-18T13:27:00","modified_gmt":"2020-01-18T18:27:00","slug":"monoxyde-de-carbone-30-morts-depuis-debut-janvier","status":"publish","type":"post","link":"https:\/\/linitiative.ca\/International\/monoxyde-de-carbone-30-morts-depuis-debut-janvier\/","title":{"rendered":"MONOXYDE DE CARBONE : 30 morts depuis d\u00e9but janvier"},"content":{"rendered":"<p><br id=\"sep_para_1\" class=\"sep_para access\"\/><\/p>\n<div id=\"para_1\" class=\"para_35067813 resize\">\n<div class=\"photo shadow left\"><a href=\"javascript:void(0)\" rel=\"https:\/\/www.reflexiondz.net\/photo\/art\/grande\/41905539-35067813.jpg?v=1579373132&#038;ibox\" title=\"MONOXYDE DE CARBONE : 30 morts depuis d\u00e9but janvier\"><img decoding=\"async\" class=\"responsive c9\" src=\"https:\/\/www.reflexiondz.net\/photo\/art\/grande\/41905539-35067813.jpg?v=1579373132\" alt=\"MONOXYDE DE CARBONE : 30 morts depuis d\u00e9but janvier\" title=\"MONOXYDE DE CARBONE : 30 morts depuis d\u00e9but janvier\"\/><img decoding=\"async\" class=\"not-responsive\" src=\"https:\/\/www.reflexiondz.net\/photo\/art\/default\/41905539-35067813.jpg?v=1579373133\" alt=\"MONOXYDE DE CARBONE : 30 morts depuis d\u00e9but janvier\" title=\"MONOXYDE DE CARBONE : 30 morts depuis d\u00e9but janvier\"\/><\/a><\/div>\n<div class=\"texte access firstletter\">Trente (30) personnes ont p\u00e9ri et plus de 270 autres ont \u00e9t\u00e9 sauv\u00e9es au cours de la premi\u00e8re quinzaine du mois de janvier en cours dans des accidents d\u2019intoxication au gaz de monoxyde de carbone (CO). Ces chiffres ont \u00e9t\u00e9 communiqu\u00e9s par le directeur de l\u2019information et des statistiques \u00e0 la Direction g\u00e9n\u00e9rale de la protection civile, le colonel Farouk Achour, cit\u00e9 par l\u2019Agence officielle. \u00ab Ces chiffres sont en hausse en d\u00e9pit des campagnes de sensibilisation lanc\u00e9es par les services de la Protection civile \u00bb, a pr\u00e9cis\u00e9 le colonel Achour. Selon lui, ces accidents sont dus \u00e0 la mauvaise installation \u00ab des \u00e9quipements de chauffage par des personnes non qualifi\u00e9es, outre l\u2019absence d\u2019entretien et le non contr\u00f4le des \u00e9quipements vendus au march\u00e9 \u00bb. Le m\u00eame responsable a en outre affirm\u00e9 que les services de la Protection civile poursuivaient leurs efforts et leurs campagnes de sensibilisation, accompagn\u00e9es de spots publicitaires diffus\u00e9s sur l\u2019ensemble des m\u00e9dias audiovisuels, en sus de l\u2019utilisation des r\u00e9seaux sociaux et l\u2019envoi de SMS sur les t\u00e9l\u00e9phones portables pour endiguer ce ph\u00e9nom\u00e8ne.\u00a0<\/div>\n<\/div>\n<p>Auteur: Nadine<br \/>\n<a href=\"https:\/\/www.reflexiondz.net\/MONOXYDE-DE-CARBONE-30-morts-depuis-debut-janvier_a60078.html\">Cliquez ici pour lire l&rsquo;article depuis sa source.<\/a><\/p>\n","protected":false},"excerpt":{"rendered":"<p>Trente (30) personnes ont p\u00e9ri et plus de 270 autres ont \u00e9t\u00e9 sauv\u00e9es au cours de la premi\u00e8re quinzaine du mois de janvier en cours dans des accidents d\u2019intoxication au gaz de monoxyde de carbone (CO). Ces chiffres ont \u00e9t\u00e9 communiqu\u00e9s par le directeur de l\u2019information et des statistiques \u00e0 la Direction g\u00e9n\u00e9rale de la [&hellip;]<\/p>\n","protected":false},"author":1740,"featured_media":0,"comment_status":"closed","ping_status":"closed","sticky":false,"template":"","format":"standard","meta":{"fifu_image_url":"","fifu_image_alt":"","footnotes":""},"categories":[53,76],"tags":[],"class_list":["post-73423","post","type-post","status-publish","format-standard","hentry","category-algerie","category-regions"],"_links":{"self":[{"href":"https:\/\/linitiative.ca\/International\/wp-json\/wp\/v2\/posts\/73423","targetHints":{"allow":["GET"]}}],"collection":[{"href":"https:\/\/linitiative.ca\/International\/wp-json\/wp\/v2\/posts"}],"about":[{"href":"https:\/\/linitiative.ca\/International\/wp-json\/wp\/v2\/types\/post"}],"author":[{"embeddable":true,"href":"https:\/\/linitiative.ca\/International\/wp-json\/wp\/v2\/users\/1740"}],"replies":[{"embeddable":true,"href":"https:\/\/linitiative.ca\/International\/wp-json\/wp\/v2\/comments?post=73423"}],"version-history":[{"count":0,"href":"https:\/\/linitiative.ca\/International\/wp-json\/wp\/v2\/posts\/73423\/revisions"}],"wp:attachment":[{"href":"https:\/\/linitiative.ca\/International\/wp-json\/wp\/v2\/media?parent=73423"}],"wp:term":[{"taxonomy":"category","embeddable":true,"href":"https:\/\/linitiative.ca\/International\/wp-json\/wp\/v2\/categories?post=73423"},{"taxonomy":"post_tag","embeddable":true,"href":"https:\/\/linitiative.ca\/International\/wp-json\/wp\/v2\/tags?post=73423"}],"curies":[{"name":"wp","href":"https:\/\/api.w.org\/{rel}","templated":true}]}}