{"id":73467,"date":"2020-01-19T06:00:37","date_gmt":"2020-01-19T11:00:37","guid":{"rendered":"https:\/\/linitiative.ca\/International\/de-la-lumiere-et-des-couleurs-pour-le-plaisir-des-yeux\/"},"modified":"2020-01-19T06:00:37","modified_gmt":"2020-01-19T11:00:37","slug":"de-la-lumiere-et-des-couleurs-pour-le-plaisir-des-yeux","status":"publish","type":"post","link":"https:\/\/linitiative.ca\/International\/de-la-lumiere-et-des-couleurs-pour-le-plaisir-des-yeux\/","title":{"rendered":"De la lumi\u00e8re et des couleurs pour le plaisir des yeux"},"content":{"rendered":"<p class=\"has-text-color has-vivid-red-color c2\"><strong>\u00abHarmony\u00bb de Mohammed Ouammi<\/strong><\/p>\n<p class=\"has-text-color c3\"><strong>Les cimaises de l\u2019Espace Rivages de la Fondation Hassan II pour les Marocains R\u00e9sidant \u00e0 l\u2019Etranger accueillent jusqu\u2019au 15 f\u00e9vrier 2020, les \u0153uvres de l\u2019artiste peintre maroco-allemand Mohammed Ouammi.<\/strong><\/p>\n<p>Plac\u00e9e sous le th\u00e8me \u00abHarmony\u00bb, cette exposition donnera \u00e0 voir, pour la premi\u00e8re fois au Maroc, les travaux de cet artiste dont les toiles restent m\u00e9connues pour le grand nombre des f\u00e9rus de la peinture et des arts plastiques marocains.<\/p>\n<p>Or, c\u2019est en Allemagne, o\u00f9 le peintre enseigne l\u2019art \u00e0 l\u2019Acad\u00e9mie libre des arts plastiques \u00e0 Essen, que l\u2019\u00e9toile de Ouammi a brill\u00e9 dans le ciel de l\u2019art. Influenc\u00e9 par les grands ma\u00eetres de la peinture allemande, l\u2019artiste explore de nouveaux champs de recherches picturales. \u00abJ\u2019ai \u00e9t\u00e9 tr\u00e8s marqu\u00e9 par les artistes allemands, par leurs m\u00e9thodes modernes et par leur libert\u00e9, et notamment par l\u2019artiste Gerhard Richter qui \u00e9tait le directeur de l\u2019Acad\u00e9mie de D\u00fcsseldorf. J\u2019ai appris avec lui qu\u2019aucune toile ne ressemble \u00e0 une autre et que chaque toile doit \u00eatre nouvelle ou unique. J\u2019ai invit\u00e9 aussi beaucoup d\u2019artistes allemands au Maroc et nous avons partag\u00e9 des exp\u00e9riences humaines.\u00bb, a soulign\u00e9 le peintre.<\/p>\n<p>Chaque artiste a son rituel dans la pr\u00e9paration de la toile, le choix de la mati\u00e8re et des couleurs. \u00abDeux \u00e9l\u00e9ments sont importants dans la composition de ma toile : ce que j\u2019ai \u00e9tudi\u00e9 et ce que j\u2019ai laiss\u00e9 au hasard. Je compose la toile en organisant les couleurs mais la composition est plus importante que le choix des couleurs. L\u2019essentiel est que je sois satisfait de la toile, peu importe son esth\u00e9tique. Je laisse aussi au public la libert\u00e9 de recevoir l\u2019\u0153uvre, comme il le souhaite, je n\u2019essaie pas de lui plaire ou de le manipuler. La beaut\u00e9 de la toile n\u2019est pas primordiale pour moi\u00bb, a-t-il fait savoir.<\/p>\n<p>En outre, la lumi\u00e8re, le bois, le plastique et la couleur constituent les \u00e9l\u00e9ments fondamentaux de ses recherches et travaux. Dans cette optique, l\u2019art, pour le peintre, est une qu\u00eate permanente, une recherche scientifique renouvel\u00e9e et condamn\u00e9e \u00e0 l\u2019\u00e9volution.<\/p>\n<p>Pour lui, l\u2019art est une \u00e9tude, une science et une recherche et non un travail d\u2019artisan. \u00abJe ne me concentre pas sur une technique pr\u00e9cise, j\u2019utilise le plastique, le bois et ce, suivant une recherche. Des fois on me demande si une toile est biologique et si elle peut \u00eatre accroch\u00e9e dans tel ou tel endroit, pour vous dire que l\u2019art plastique est devenu une science. Chaque ann\u00e9e une nouvelle technique voit le jour. J\u2019utilise le bois souvent car je me consid\u00e8re sp\u00e9cialiste en cette mati\u00e8re\u00bb, a-t-il fait savoir.<\/p>\n<p>A vrai dire, la peinture est un champ de recherche et d\u2019exp\u00e9rimentation tr\u00e8s vaste. En effet, c\u2019est en\u00a0 d\u00e9couvrant des palettes occidentales et europ\u00e9ennes que Mohammed Ouammi avait d\u00e9velopp\u00e9 sa d\u00e9marche et touche artistiques. \u00abJ\u2019ai v\u00e9cu une p\u00e9riode courte \u00e0 cette \u00e9cole. C\u2019est en Europe que j\u2019ai d\u00e9couvert de nouvelles exp\u00e9riences, o\u00f9 j\u2019ai \u00e9t\u00e9 influenc\u00e9 par de grands artistes\u00bb, a-t-il dit.<\/p>\n<p>Toutefois, le Maroc et l\u2019imaginaire marocain sont pr\u00e9sents dans ses travaux puis\u00e9s dans la nature et les lumi\u00e8res.<\/p>\n<p>\u00abMes toiles mettent en exergue la nature du Maroc. La lumi\u00e8re de mes toiles est celle du Maroc, en Allemagne, nous n\u2019avons pas cette lumi\u00e8re. Il s\u2019agit en effet d\u2019une composante importante dans mon travail, comme le sont la profondeur, les premiers plans et les dimensions\u00bb, poursuit-il. Dans une seule toile, les couleurs entre autres le bleu, le rouge ou encore le jaune cohabitent avec les formes et les mati\u00e8res. On y voit pourtant une omnipr\u00e9sence du bleu, la couleur pr\u00e9f\u00e9r\u00e9e de l\u2019artiste.<\/p>\n<p>\u00abLe bleu a une grande influence sur la vie des gens et sur la mienne, c\u2019est la couleur du calme, de la s\u00e9r\u00e9nit\u00e9, de la relaxation. Je peins souvent pour me relaxer d\u2019o\u00f9 sa pr\u00e9dominance dans mes tableaux. Je fais mes propres m\u00e9langes de couleurs, je n\u2019utilise jamais des produits chimiques. Sur un tableau en verre, je pr\u00e9pare diff\u00e9rents degr\u00e9s de bleu, de rouge ou de jaune et je fais par la suite mon choix\u00bb, a-t-il expliqu\u00e9.<\/p>\n<p class=\"c4\"><strong>Mohamed Nait Youssef<\/strong><\/p>\n<p>Auteur: M&rsquo;hammed rahal<br \/>\n<a href=\"http:\/\/albayane.press.ma\/de-la-lumiere-et-des-couleurs-pour-le-plaisir-des-yeux.html\">Cliquez ici pour lire l&rsquo;article depuis sa source.<\/a><\/p>\n","protected":false},"excerpt":{"rendered":"<p>\u00abHarmony\u00bb de Mohammed Ouammi Les cimaises de l\u2019Espace Rivages de la Fondation Hassan II pour les Marocains R\u00e9sidant \u00e0 l\u2019Etranger accueillent jusqu\u2019au 15 f\u00e9vrier 2020, les \u0153uvres de l\u2019artiste peintre maroco-allemand Mohammed Ouammi. Plac\u00e9e sous le th\u00e8me \u00abHarmony\u00bb, cette exposition donnera \u00e0 voir, pour la premi\u00e8re fois au Maroc, les travaux de cet artiste dont [&hellip;]<\/p>\n","protected":false},"author":1760,"featured_media":0,"comment_status":"closed","ping_status":"closed","sticky":false,"template":"","format":"standard","meta":{"fifu_image_url":"","fifu_image_alt":"","footnotes":""},"categories":[73,54],"tags":[],"class_list":["post-73467","post","type-post","status-publish","format-standard","hentry","category-actualite","category-maroc"],"_links":{"self":[{"href":"https:\/\/linitiative.ca\/International\/wp-json\/wp\/v2\/posts\/73467","targetHints":{"allow":["GET"]}}],"collection":[{"href":"https:\/\/linitiative.ca\/International\/wp-json\/wp\/v2\/posts"}],"about":[{"href":"https:\/\/linitiative.ca\/International\/wp-json\/wp\/v2\/types\/post"}],"author":[{"embeddable":true,"href":"https:\/\/linitiative.ca\/International\/wp-json\/wp\/v2\/users\/1760"}],"replies":[{"embeddable":true,"href":"https:\/\/linitiative.ca\/International\/wp-json\/wp\/v2\/comments?post=73467"}],"version-history":[{"count":0,"href":"https:\/\/linitiative.ca\/International\/wp-json\/wp\/v2\/posts\/73467\/revisions"}],"wp:attachment":[{"href":"https:\/\/linitiative.ca\/International\/wp-json\/wp\/v2\/media?parent=73467"}],"wp:term":[{"taxonomy":"category","embeddable":true,"href":"https:\/\/linitiative.ca\/International\/wp-json\/wp\/v2\/categories?post=73467"},{"taxonomy":"post_tag","embeddable":true,"href":"https:\/\/linitiative.ca\/International\/wp-json\/wp\/v2\/tags?post=73467"}],"curies":[{"name":"wp","href":"https:\/\/api.w.org\/{rel}","templated":true}]}}