{"id":73469,"date":"2020-01-19T13:00:29","date_gmt":"2020-01-19T18:00:29","guid":{"rendered":"https:\/\/linitiative.ca\/International\/une-exposition-de-photographies-dart-sur-le-site-de-sefar-dans-le-tassili-najjer-a-alger\/"},"modified":"2020-01-19T13:00:29","modified_gmt":"2020-01-19T18:00:29","slug":"une-exposition-de-photographies-dart-sur-le-site-de-sefar-dans-le-tassili-najjer-a-alger","status":"publish","type":"post","link":"https:\/\/linitiative.ca\/International\/une-exposition-de-photographies-dart-sur-le-site-de-sefar-dans-le-tassili-najjer-a-alger\/","title":{"rendered":"Une exposition de photographies d&rsquo;art sur le site de S\u00e9far dans le Tassili N&rsquo;Ajjer \u00e0 Alger"},"content":{"rendered":"<div readability=\"39\">\n<p><strong>ALGER &#8211; \u00ab\u00a0Sur la route de Sefar, la ville \u00e9nigme de l&rsquo;histoire\u00a0\u00bb, une exposition de photographies-documentaire de Omar Dib, a \u00e9t\u00e9 inaugur\u00e9e samedi \u00e0 Alger, avec la mise en valeur de l&rsquo;univers min\u00e9ral de ce site, situ\u00e9 dans le parc du Tassili N&rsquo;Ajjer.<\/strong><\/p>\n<\/div>\n<div readability=\"100.5\">\n<p>Visible jusqu&rsquo;au 15 f\u00e9vrier dans le hall de l&rsquo;H\u00f4tel Sofitel, l&rsquo;exposition pr\u00e9sente vingt et une photographies sans titres, en couleurs et aux diff\u00e9rents formats, (90cm X 60cm) et (150cm X 100cm), mises en toiles par l&rsquo;artiste, offrant au regard du visiteur l&rsquo;\u00e9tendue de ce site \u00ab\u00a0somptueux\u00a0\u00bb, class\u00e9 en 1988 \u00ab\u00a0Patrimoine mondial de l&rsquo;humanit\u00e9\u00a0\u00bb.<\/p>\n<blockquote readability=\"14\">\n<p><em><strong>Caract\u00e9ris\u00e9, selon l&rsquo;artiste,\u00a0 par la \u00ab\u00a0puret\u00e9 de ses atmosph\u00e8res\u00a0\u00bb et l'\u00a0\u00bbabsence de poussi\u00e8re lumineuse\u00a0\u00bb, le site de Sefar est pr\u00e9sent\u00e9 dans une s\u00e9rie de prises de vues reproduisant l&rsquo;\u00e9tat naturel du site, sans retouches aucunes, s&rsquo;\u00e9talant dans le profond silence des lieux, \u00e0 travers une importante zone aux reliefs rocailleux qui forment un grand labyrinthe aux multiples sentiers \u00e9troits.<\/strong><\/em><\/p>\n<\/blockquote>\n<p>Ordonnant son rendu en deux parties, Omar Dib a choisi de mettre en valeur dans un premier volet intitul\u00e9 \u00ab\u00a0Sefar noire\u00a0\u00bb, la splendeur de ce site au cr\u00e9puscule, \u00e0 travers une dizaine de toiles pr\u00e9sent\u00e9es \u00e0 diff\u00e9rents anglesde vue, avec parfois la clart\u00e9 des \u00e9toiles scintillantes de la nuit, pour voir s&rsquo;encha\u00eener dans le m\u00eame \u00e9lan de beaut\u00e9, \u00ab\u00a0Sefar blanche\u00a0\u00bb, une s\u00e9rie d&rsquo;autant de toiles, restituant les reflets et les ombres des reliefs sousle soleil \u00e9crasant du jour.<\/p>\n<p>Sugg\u00e9rant les \u00ab\u00a0pr\u00e9mices d&rsquo;une ville ant\u00e9rieure\u00a0\u00bb, des photographies fixentle regard du visiteur et suspendent le temps aux portes et au c\u0153ur de Sefar, alors que d&rsquo;autres se focalisent sur\u00a0 l&rsquo;entr\u00e9e de \u00ab\u00a0Tamrit\u00a0\u00bbet \u00ab\u00a0Ihrir\u00a0\u00bb ou invitent \u00e0 visiter les alentours de ce site \u00ab\u00a0magique\u00a0\u00bb.<\/p>\n<p>Un avant go\u00fbt sur l&rsquo;exposition, pr\u00e9par\u00e9e depuis 2015, est propos\u00e9 par l&rsquo;artiste \u00e0 travers la projection en boucle d&rsquo;un court documentaire qui revient, \u00e0 travers des prises de vues en hauteur, sur la splendeur et la beaut\u00e9 du site, appuy\u00e9 d&rsquo;une fresque de 230cm X 90cm, rassemblant quelques peintures rupestres, montrant entre autres, des mouflons, la repr\u00e9sentation d&rsquo;une divinit\u00e9, ou racontant, une sc\u00e8ne de chasse, une autre de dressage de dromadaire, ou encore la naissance d&rsquo;un b\u00e9b\u00e9.<\/p>\n<blockquote readability=\"11\">\n<p><em><strong>N\u00e9 en 1990, Omar Dib est un photographe autodidacte, passionn\u00e9 de paysages et de sites d&rsquo;Alg\u00e9rie dans leur beaut\u00e9 plurielle. Sillonnant et scrutant avec un regard de grand amoureux ces lieux autochtones et leurs \u00ab\u00a0somptueux d\u00e9cors naturels\u00a0\u00bb, il entend d\u00e9dier son \u0153uvre \u00e0 \u00ab\u00a0la protection du patrimoine alg\u00e9rien et \u00e0 la sauvegarde de son\u00a0 histoire\u00a0\u00bb.<\/strong><\/em><\/p>\n<\/blockquote>\n<p>Pr\u00e9f\u00e9rant le d\u00e9sert alg\u00e9rien, qui repr\u00e9sente selon lui, \u00ab\u00a0son refuge\u00a0\u00bb de pr\u00e9dilection et son \u00ab\u00a0in\u00e9galable\u00a0\u00bb source d&rsquo;inspiration, l&rsquo;artiste appr\u00e9cie dans la pratique de sa passion, \u00ab\u00a0le traitement de l&rsquo;image\u00a0\u00bb, peut-on lire sur le document de pr\u00e9sentation.<\/p>\n<p>Omar Dib compte \u00e0 son actif deux expositions, \u00ab\u00a0Au c\u0153ur du d\u00e9sert\u00a0\u00bb (2017) et \u00ab\u00a0Quelque part en Alg\u00e9rie\u00a0\u00bb (2018) avec 60 et 50 photographies respectivement.<\/p>\n<\/div>\n<p>Auteur:<br \/>\n<a href=\"http:\/\/www.aps.dz\/culture\/100289-une-exposition-de-photographies-d-art-sur-le-site-de-sefar-dans-le-tassili-n-ajjer-a-alger\">Cliquez ici pour lire l&rsquo;article depuis sa source.<\/a><\/p>\n","protected":false},"excerpt":{"rendered":"<p>ALGER &#8211; \u00ab\u00a0Sur la route de Sefar, la ville \u00e9nigme de l&rsquo;histoire\u00a0\u00bb, une exposition de photographies-documentaire de Omar Dib, a \u00e9t\u00e9 inaugur\u00e9e samedi \u00e0 Alger, avec la mise en valeur de l&rsquo;univers min\u00e9ral de ce site, situ\u00e9 dans le parc du Tassili N&rsquo;Ajjer. Visible jusqu&rsquo;au 15 f\u00e9vrier dans le hall de l&rsquo;H\u00f4tel Sofitel, l&rsquo;exposition pr\u00e9sente [&hellip;]<\/p>\n","protected":false},"author":1790,"featured_media":0,"comment_status":"closed","ping_status":"closed","sticky":false,"template":"","format":"standard","meta":{"fifu_image_url":"","fifu_image_alt":"","footnotes":""},"categories":[53,79],"tags":[],"class_list":["post-73469","post","type-post","status-publish","format-standard","hentry","category-algerie","category-culture"],"_links":{"self":[{"href":"https:\/\/linitiative.ca\/International\/wp-json\/wp\/v2\/posts\/73469","targetHints":{"allow":["GET"]}}],"collection":[{"href":"https:\/\/linitiative.ca\/International\/wp-json\/wp\/v2\/posts"}],"about":[{"href":"https:\/\/linitiative.ca\/International\/wp-json\/wp\/v2\/types\/post"}],"author":[{"embeddable":true,"href":"https:\/\/linitiative.ca\/International\/wp-json\/wp\/v2\/users\/1790"}],"replies":[{"embeddable":true,"href":"https:\/\/linitiative.ca\/International\/wp-json\/wp\/v2\/comments?post=73469"}],"version-history":[{"count":0,"href":"https:\/\/linitiative.ca\/International\/wp-json\/wp\/v2\/posts\/73469\/revisions"}],"wp:attachment":[{"href":"https:\/\/linitiative.ca\/International\/wp-json\/wp\/v2\/media?parent=73469"}],"wp:term":[{"taxonomy":"category","embeddable":true,"href":"https:\/\/linitiative.ca\/International\/wp-json\/wp\/v2\/categories?post=73469"},{"taxonomy":"post_tag","embeddable":true,"href":"https:\/\/linitiative.ca\/International\/wp-json\/wp\/v2\/tags?post=73469"}],"curies":[{"name":"wp","href":"https:\/\/api.w.org\/{rel}","templated":true}]}}