{"id":73472,"date":"2020-01-19T11:18:00","date_gmt":"2020-01-19T16:18:00","guid":{"rendered":"https:\/\/linitiative.ca\/International\/les-20-manifestants-liberes-le-proces-programme-pour-le-9-fevrier\/"},"modified":"2020-01-19T11:18:00","modified_gmt":"2020-01-19T16:18:00","slug":"les-20-manifestants-liberes-le-proces-programme-pour-le-9-fevrier","status":"publish","type":"post","link":"https:\/\/linitiative.ca\/International\/les-20-manifestants-liberes-le-proces-programme-pour-le-9-fevrier\/","title":{"rendered":"Les 20 manifestants lib\u00e9r\u00e9s, le proc\u00e8s programm\u00e9 pour le 9 f\u00e9vrier"},"content":{"rendered":"<div id=\"originalText\" readability=\"42\">\n<p>Les 20 manifestants arr\u00eat\u00e9s lors du 48e vendredi de marche \u00e0 Alger, et maintenus en garde \u00e0 vue, ont \u00e9t\u00e9 pr\u00e9sent\u00e9s, ce dimanche, devant le procureur de la r\u00e9publique pr\u00e8s le tribunal de Sidi M&rsquo;hamed, qui a d\u00e9cid\u00e9 de leur comparution en citation directe devant le juge, en fin d&rsquo;apr\u00e8s midi, avant qu&rsquo;ils ne soient lib\u00e9r\u00e9s. Leur proc\u00e8s est programm\u00e9 pour 9 f\u00e9vrier.\u00a0<\/p>\n<p class=\"c6\"><strong>R\u00e9daction Web\u00a0<\/strong>\u00a0<\/p>\n<\/div>\n<div id=\"text_core\" readability=\"42\">\n<p>Les 20 manifestants arr\u00eat\u00e9s lors du 48e vendredi de marche \u00e0 Alger, et maintenus en garde \u00e0 vue, ont \u00e9t\u00e9 pr\u00e9sent\u00e9s, ce dimanche, devant le procureur de la r\u00e9publique pr\u00e8s le tribunal de Sidi M&rsquo;hamed, qui a d\u00e9cid\u00e9 de leur comparution en citation directe devant le juge, en fin d&rsquo;apr\u00e8s midi, avant qu&rsquo;ils ne soient lib\u00e9r\u00e9s. Leur proc\u00e8s est programm\u00e9 pour 9 f\u00e9vrier.\u00a0<\/p>\n<p class=\"c6\"><strong>R\u00e9daction Web\u00a0<\/strong>\u00a0<\/p>\n<\/div>\n<p>Auteur:<br \/>\n<a href=\"https:\/\/www.liberte-algerie.com\/actualite\/les-20-manifestants-liberes-le-proces-programme-pour-le-9-fevrier-332228\">Cliquez ici pour lire l&rsquo;article depuis sa source.<\/a><\/p>\n","protected":false},"excerpt":{"rendered":"<p>Les 20 manifestants arr\u00eat\u00e9s lors du 48e vendredi de marche \u00e0 Alger, et maintenus en garde \u00e0 vue, ont \u00e9t\u00e9 pr\u00e9sent\u00e9s, ce dimanche, devant le procureur de la r\u00e9publique pr\u00e8s le tribunal de Sidi M&rsquo;hamed, qui a d\u00e9cid\u00e9 de leur comparution en citation directe devant le juge, en fin d&rsquo;apr\u00e8s midi, avant qu&rsquo;ils ne soient [&hellip;]<\/p>\n","protected":false},"author":1742,"featured_media":0,"comment_status":"closed","ping_status":"closed","sticky":false,"template":"","format":"standard","meta":{"fifu_image_url":"","fifu_image_alt":"","footnotes":""},"categories":[73,53],"tags":[],"class_list":["post-73472","post","type-post","status-publish","format-standard","hentry","category-actualite","category-algerie"],"_links":{"self":[{"href":"https:\/\/linitiative.ca\/International\/wp-json\/wp\/v2\/posts\/73472","targetHints":{"allow":["GET"]}}],"collection":[{"href":"https:\/\/linitiative.ca\/International\/wp-json\/wp\/v2\/posts"}],"about":[{"href":"https:\/\/linitiative.ca\/International\/wp-json\/wp\/v2\/types\/post"}],"author":[{"embeddable":true,"href":"https:\/\/linitiative.ca\/International\/wp-json\/wp\/v2\/users\/1742"}],"replies":[{"embeddable":true,"href":"https:\/\/linitiative.ca\/International\/wp-json\/wp\/v2\/comments?post=73472"}],"version-history":[{"count":0,"href":"https:\/\/linitiative.ca\/International\/wp-json\/wp\/v2\/posts\/73472\/revisions"}],"wp:attachment":[{"href":"https:\/\/linitiative.ca\/International\/wp-json\/wp\/v2\/media?parent=73472"}],"wp:term":[{"taxonomy":"category","embeddable":true,"href":"https:\/\/linitiative.ca\/International\/wp-json\/wp\/v2\/categories?post=73472"},{"taxonomy":"post_tag","embeddable":true,"href":"https:\/\/linitiative.ca\/International\/wp-json\/wp\/v2\/tags?post=73472"}],"curies":[{"name":"wp","href":"https:\/\/api.w.org\/{rel}","templated":true}]}}