{"id":73473,"date":"2020-01-18T16:40:58","date_gmt":"2020-01-18T21:40:58","guid":{"rendered":"https:\/\/linitiative.ca\/International\/sites-historiques-le-ministere-oeuvrera-a-traiter-toutes-les-problematiques\/"},"modified":"2020-01-18T16:40:58","modified_gmt":"2020-01-18T21:40:58","slug":"sites-historiques-le-ministere-oeuvrera-a-traiter-toutes-les-problematiques","status":"publish","type":"post","link":"https:\/\/linitiative.ca\/International\/sites-historiques-le-ministere-oeuvrera-a-traiter-toutes-les-problematiques\/","title":{"rendered":"Sites historiques: Le minist\u00e8re \u0153uvrera \u00e0 traiter toutes les probl\u00e9matiques"},"content":{"rendered":"<div readability=\"43\">\n<p>Safi \u2013 Le minist\u00e8re \u0153uvrera, en collaboration avec l\u2019ensemble des parties concern\u00e9es, \u00e0 traiter toutes les probl\u00e9matiques relatives \u00e0 la r\u00e9habilitation des sites historiques menac\u00e9s \u00e0 Safi, dont notamment Ksar El Bhar, a soulign\u00e9 samedi \u00e0 Safi, le ministre de la Culture, de la jeunesse et des sports, porte-parole du gouvernement, El Hassan Abyaba.<\/p>\n<\/div>\n<div readability=\"115\">\n<p>Le minist\u00e8re accorde un int\u00e9r\u00eat particulier \u00e0 la pr\u00e9servation des sites historiques et leur r\u00e9habilitation afin qu\u2019ils soient des lieux attractifs et une destination privil\u00e9gi\u00e9e des touristes marocains et \u00e9trangers, a indiqu\u00e9 M. Abyaba dans une d\u00e9claration \u00e0 la presse lors d\u2019une visite effectu\u00e9e \u00e0 plusieurs monuments historiques de la cit\u00e9 de l\u2019Oc\u00e9an, dont Ksar El Bhar (ch\u00e2teau de la mer), la Cath\u00e9drale portugaise de Safi et Dar Es-Sultan.<\/p>\n<p>Dans ce cadre, le ministre a salu\u00e9 la mobilisation et l\u2019implication de toutes les parties concern\u00e9es par la sauvegarde du patrimoine mat\u00e9riel et immat\u00e9riel, dont les conseils \u00e9lus, les autorit\u00e9s locales et les services d\u00e9concentr\u00e9s.<\/p>\n<p>\u00ab\u00a0Ces monuments historiques sont des tr\u00e9sors du pass\u00e9 et du pr\u00e9sent et nous ne m\u00e9nagerons aucun effort pour les pr\u00e9server aux g\u00e9n\u00e9rations futures\u00a0\u00bb, a-t-il insist\u00e9, mettant en avant la richesse du patrimoine historique et patrimonial de la cit\u00e9 de l\u2019Oc\u00e9an.<\/p>\n<p>Lors de cette visite, M. Abyaba s\u2019est rendu \u00e0 Ksar El Bhar (ch\u00e2teau de mer), un joyau architectural unique \u00e0 grande valeur patrimoniale et historique, qui fait la fiert\u00e9 des habitants de cette ville portuaire, qui est aujourd\u2019hui menac\u00e9e d\u2019effondrement.<\/p>\n<p>Ce site historique,\u00a0o\u00f9 se c\u00f4toient \u00e0 la fois, Histoire, art et architecture militaire caract\u00e9ristique de l\u2019\u00e9poque coloniale manu\u00e9line, fait face \u00e0 un processus de d\u00e9gradation et de transformation d\u00fb aux vagues de la mer entra\u00eenant la disparition de plusieurs parties du ksar et l\u2019apparition de cavit\u00e9s qui laissent infiltrer l\u2019eau de mer aux autres parties du ch\u00e2teau mais aussi aux quartiers voisins (Hay de Rabat, Place de l\u2019Ind\u00e9pendance).<\/p>\n<p>Cette forteresse, dont les travaux de r\u00e9alisation furent entam\u00e9es en 1516 et\u00a0s\u2019\u00e9tal\u00e8rent jusqu\u2019en 1523, a \u00e9t\u00e9 \u00e9difi\u00e9e sur 3.900 m2, dans un site strat\u00e9gique, permettant de contr\u00f4ler le trafic portuaire et les routes c\u00f4ti\u00e8res et l\u2019ancien port de la ville (Mrissa Lkdima) ainsi que le trafic commercial dans l\u2019embouchure de l\u2019oued Cha\u00e2ba.<\/p>\n<p>La restauration du Ksar El Bhar est inscrite dans la liste des projets programm\u00e9s dans le cadre de la sauvegarde du patrimoine culturel par le minist\u00e8re de la culture et de la communication \u00e0 travers la vision du patrimoine 2020.<\/p>\n<p>Ksar el-Bahr, est une forteresse \u00e9lev\u00e9e par les Portugais en 1507 pour servir de d\u00e9p\u00f4t d\u2019armes et utilis\u00e9 en 1541, p\u00e9riode de r\u00e8gne des Sa\u00e2diyines, comme rempart de d\u00e9fense de la ville contre les agressions militaires \u00e9trang\u00e8res.\u00a0Le Ch\u00e2teau de mer de Safi fut class\u00e9 monument historique depuis les ann\u00e9es 20 du si\u00e8cle dernier.<\/p>\n<p>Le ministre a \u00e9galement visit\u00e9 la Cath\u00e9drale portugaise de Safi, construite en 1519. \u00c9rig\u00e9e sur les d\u00e9combres de la Grande Mosqu\u00e9e, elle aurait servi jusqu\u2019en 1541, date du retrait des Portugais, o\u00f9 elle fut en grande partie d\u00e9molie. Il n\u2019en subsiste que le ch\u0153ur et la chapelle lat\u00e9rale droite.<\/p>\n<p>Les parties conserv\u00e9es illustrent de par leurs conceptions et leurs d\u00e9cors l\u2019architecture gothique de la Renaissance et plus particuli\u00e8rement le style manu\u00e9lin.\u00a0Vu sa valeur historique et artistique, la cath\u00e9drale fut class\u00e9e \u00ab\u00a0Patrimoine national\u00a0\u00bb depuis 1924.<\/p>\n<p>M.Abyaba avait auparavant visit\u00e9 Dar Es-Sultan, une citadelle construite sous les Almohades (12\u00e8 si\u00e8cle). Son emplacement surplombant la m\u00e9dina de Safi et offrant une vue sur l\u2019oc\u00e9an atteste du r\u00f4le militaire de cette fortification. Son r\u00f4le d\u00e9fensif va \u00eatre mis en valeur par les Saadiens et c\u2019est ainsi que Moulay Zidane l\u2019a dot\u00e9e de plusieurs canons de fabrication hollandaise.<\/p>\n<p>Sous la dynastie Alaouite, la citadelle allait recevoir vers 1762 la Bahia, demeure palatiale construite par le prince Moulay Hicham fils du Sultan Sidi Mohammed Ben Abdellah.<\/p>\n<\/div>\n<p>Auteur: Meriem IGASS<br \/>\n<a href=\"http:\/\/www.mapmarrakech.ma\/fr\/sites\/\">Cliquez ici pour lire l&rsquo;article depuis sa source.<\/a><\/p>\n","protected":false},"excerpt":{"rendered":"<p>Safi \u2013 Le minist\u00e8re \u0153uvrera, en collaboration avec l\u2019ensemble des parties concern\u00e9es, \u00e0 traiter toutes les probl\u00e9matiques relatives \u00e0 la r\u00e9habilitation des sites historiques menac\u00e9s \u00e0 Safi, dont notamment Ksar El Bhar, a soulign\u00e9 samedi \u00e0 Safi, le ministre de la Culture, de la jeunesse et des sports, porte-parole du gouvernement, El Hassan Abyaba. Le [&hellip;]<\/p>\n","protected":false},"author":1788,"featured_media":0,"comment_status":"closed","ping_status":"closed","sticky":false,"template":"","format":"standard","meta":{"fifu_image_url":"","fifu_image_alt":"","footnotes":""},"categories":[54,76],"tags":[],"class_list":["post-73473","post","type-post","status-publish","format-standard","hentry","category-maroc","category-regions"],"_links":{"self":[{"href":"https:\/\/linitiative.ca\/International\/wp-json\/wp\/v2\/posts\/73473","targetHints":{"allow":["GET"]}}],"collection":[{"href":"https:\/\/linitiative.ca\/International\/wp-json\/wp\/v2\/posts"}],"about":[{"href":"https:\/\/linitiative.ca\/International\/wp-json\/wp\/v2\/types\/post"}],"author":[{"embeddable":true,"href":"https:\/\/linitiative.ca\/International\/wp-json\/wp\/v2\/users\/1788"}],"replies":[{"embeddable":true,"href":"https:\/\/linitiative.ca\/International\/wp-json\/wp\/v2\/comments?post=73473"}],"version-history":[{"count":0,"href":"https:\/\/linitiative.ca\/International\/wp-json\/wp\/v2\/posts\/73473\/revisions"}],"wp:attachment":[{"href":"https:\/\/linitiative.ca\/International\/wp-json\/wp\/v2\/media?parent=73473"}],"wp:term":[{"taxonomy":"category","embeddable":true,"href":"https:\/\/linitiative.ca\/International\/wp-json\/wp\/v2\/categories?post=73473"},{"taxonomy":"post_tag","embeddable":true,"href":"https:\/\/linitiative.ca\/International\/wp-json\/wp\/v2\/tags?post=73473"}],"curies":[{"name":"wp","href":"https:\/\/api.w.org\/{rel}","templated":true}]}}