{"id":73474,"date":"2020-01-18T16:55:04","date_gmt":"2020-01-18T21:55:04","guid":{"rendered":"https:\/\/linitiative.ca\/International\/larchitecture-traditionnelle-un-voyage-a-travers-le-temps\/"},"modified":"2020-01-18T16:55:04","modified_gmt":"2020-01-18T21:55:04","slug":"larchitecture-traditionnelle-un-voyage-a-travers-le-temps","status":"publish","type":"post","link":"https:\/\/linitiative.ca\/International\/larchitecture-traditionnelle-un-voyage-a-travers-le-temps\/","title":{"rendered":"L\u2019architecture traditionnelle, un voyage \u00e0 travers le temps"},"content":{"rendered":"<p><iframe loading=\"lazy\" width=\"1170\" height=\"658\" src=\"https:\/\/www.youtube.com\/embed\/tCtMFb1Ebh0?feature=oembed\" frameborder=\"0\" allow=\"accelerometer; autoplay; encrypted-media; gyroscope; picture-in-picture\" allowfullscreen=\"\">[embedded content]<\/iframe><\/p>\n<div class=\"single-post-excerpt post-excerpt-bc\" readability=\"40\">\n<p>V\u00e9ritable illustration embl\u00e9matique du Royaume, l\u2019architecture traditionnelle marocaine, compos\u00e9e d\u2019un m\u00e9tissage harmonieux de mati\u00e8res, de couleurs et de styles qui voguent sur les rives de la modernit\u00e9 sans jamais lever l\u2019ancre de l\u2019authenticit\u00e9, a plong\u00e9 les visiteurs de la 6\u00e8me \u00e9dition de la Semaine Nationale de l\u2019Artisanat (SNA), dans un voyage in\u00e9dit \u00e0 travers le temps et l\u2019espace au c\u0153ur de l\u2019Histoire arabo-andalouse et de la magie des Kasbah.<\/p>\n<\/div>\n<p>Auteur: Meriem IGASS<br \/>\n<a href=\"http:\/\/www.mapmarrakech.ma\/fr\/larchitecture\/\">Cliquez ici pour lire l&rsquo;article depuis sa source.<\/a><\/p>\n","protected":false},"excerpt":{"rendered":"<p>[embedded content] V\u00e9ritable illustration embl\u00e9matique du Royaume, l\u2019architecture traditionnelle marocaine, compos\u00e9e d\u2019un m\u00e9tissage harmonieux de mati\u00e8res, de couleurs et de styles qui voguent sur les rives de la modernit\u00e9 sans jamais lever l\u2019ancre de l\u2019authenticit\u00e9, a plong\u00e9 les visiteurs de la 6\u00e8me \u00e9dition de la Semaine Nationale de l\u2019Artisanat (SNA), dans un voyage in\u00e9dit \u00e0 [&hellip;]<\/p>\n","protected":false},"author":1788,"featured_media":0,"comment_status":"closed","ping_status":"closed","sticky":false,"template":"","format":"standard","meta":{"fifu_image_url":"","fifu_image_alt":"","footnotes":""},"categories":[54,76],"tags":[],"class_list":["post-73474","post","type-post","status-publish","format-standard","hentry","category-maroc","category-regions"],"_links":{"self":[{"href":"https:\/\/linitiative.ca\/International\/wp-json\/wp\/v2\/posts\/73474","targetHints":{"allow":["GET"]}}],"collection":[{"href":"https:\/\/linitiative.ca\/International\/wp-json\/wp\/v2\/posts"}],"about":[{"href":"https:\/\/linitiative.ca\/International\/wp-json\/wp\/v2\/types\/post"}],"author":[{"embeddable":true,"href":"https:\/\/linitiative.ca\/International\/wp-json\/wp\/v2\/users\/1788"}],"replies":[{"embeddable":true,"href":"https:\/\/linitiative.ca\/International\/wp-json\/wp\/v2\/comments?post=73474"}],"version-history":[{"count":0,"href":"https:\/\/linitiative.ca\/International\/wp-json\/wp\/v2\/posts\/73474\/revisions"}],"wp:attachment":[{"href":"https:\/\/linitiative.ca\/International\/wp-json\/wp\/v2\/media?parent=73474"}],"wp:term":[{"taxonomy":"category","embeddable":true,"href":"https:\/\/linitiative.ca\/International\/wp-json\/wp\/v2\/categories?post=73474"},{"taxonomy":"post_tag","embeddable":true,"href":"https:\/\/linitiative.ca\/International\/wp-json\/wp\/v2\/tags?post=73474"}],"curies":[{"name":"wp","href":"https:\/\/api.w.org\/{rel}","templated":true}]}}