{"id":73478,"date":"2020-01-19T12:12:24","date_gmt":"2020-01-19T17:12:24","guid":{"rendered":"https:\/\/linitiative.ca\/International\/sna-une-vitrine-refletant-la-jonction-entre-authenticite-et-creativite\/"},"modified":"2020-01-19T12:12:24","modified_gmt":"2020-01-19T17:12:24","slug":"sna-une-vitrine-refletant-la-jonction-entre-authenticite-et-creativite","status":"publish","type":"post","link":"https:\/\/linitiative.ca\/International\/sna-une-vitrine-refletant-la-jonction-entre-authenticite-et-creativite\/","title":{"rendered":"SNA, une vitrine refl\u00e9tant la jonction entre authenticit\u00e9 et cr\u00e9ativit\u00e9"},"content":{"rendered":"<p>L\u2019importance de ce rendez-vous annuel n\u2019est plus \u00e0 d\u00e9montrer comme en t\u00e9moigne, d\u2019une part, l\u2019organisation de cet \u00e9v\u00e9nement phare sous le Haut Patronage de Sa Majest\u00e9 le Roi Mohammed VI, ce qui traduit la Haute Sollicitude dont le Souverain ne cesse d\u2019entourer ce secteur et ses professionnels et, d\u2019autre part, le choix de la cit\u00e9 ocre, l\u2019une des villes imp\u00e9riales du Maroc \u00e0 l\u2019histoire riche et rayonnante, et l\u2019une des destinations touristiques de renomm\u00e9e internationale.<\/p>\n<p>C\u2019est dire que la 6\u00e8 SNA, qui se poursuit jusqu\u2019au 26 janvier, se veut un v\u00e9ritable point de rencontres et d\u2019\u00e9changes entre artisans, designers, responsables du secteur de l\u2019artisanat, toutes fili\u00e8res confondues, et chefs d\u2019entreprises, entre autres, pour s\u2019arr\u00eater sur les grandes r\u00e9alisations accomplies dans ce domaine et les nouveaut\u00e9s enregistr\u00e9es, mais aussi pour engager, ensemble, la r\u00e9flexion autour des moyens et outils \u00e0 mobiliser et \u00e0 mettre en oeuvre pour booster davantage ce pilier majeur de l\u2019\u00e9conomie nationale.<\/p>\n<p>La Semaine Nationale de l\u2019Artisanat, telle qu\u2019initi\u00e9e par le Minist\u00e8re du Tourisme, de l\u2019Artisanat, du Transport A\u00e9rien et de l\u2019Economie Sociale via la Maison de l\u2019Artisan, offre l\u2019opportunit\u00e9 aux visiteurs de la ville des Sept Saints, Marocains et \u00e9trangers, d\u2019appr\u00e9cier \u00e0 leur juste valeur, des collections de produits de l\u2019artisanat \u00ab\u00a0faits \u00e0 la main\u00a0\u00bb et par l\u00e0, de prendre connaissance des efforts consentis par l\u2019artisan non seulement pour d\u00e9velopper son m\u00e9tier comme l\u2019exige la concurrence du march\u00e9 international, mais aussi pour pr\u00e9server un \u00ab\u00a0savoir-faire\u00a0\u00bb ancestral in\u00e9galable en tant que l\u2019un des principaux atouts de l\u2019identit\u00e9 et de la civilisation marocaines riches de plusieurs si\u00e8cles.<\/p>\n<p>Plac\u00e9e sous le signe de l\u2019Innovation et de la capitalisation sur les acquis des pr\u00e9c\u00e9dentes \u00e9ditions, la SNA offre ainsi l\u2019opportunit\u00e9 de mettre en exergue le secteur de l\u2019artisanat en tant que v\u00e9ritable levier du d\u00e9veloppement de l\u2019\u00e9conomie nationale, contribuant au progr\u00e8s et au renforcement de la coh\u00e9sion sociale, \u00e0 la qualit\u00e9 de vie, \u00e0 la cr\u00e9ation de richesses ainsi qu\u2019\u00e0 l\u2019offre de nombreuses opportunit\u00e9s de carri\u00e8res et de perspectives professionnelles, ouvertes aux jeunes.<\/p>\n<p>Il s\u2019agit, en outre, de promouvoir l\u2019artisanat marocain, de c\u00e9l\u00e9brer et de rendre un vibrant hommage aux artisans : hommes et femmes issus de toutes les r\u00e9gions du Royaume, fervents gardiens d\u2019un savoir-faire mill\u00e9naire, du patrimoine culturel et immat\u00e9riel relatif aux m\u00e9tiers de l\u2019artisanat, h\u00e9ritage ancestral qui honore et fait la fiert\u00e9 de tous les Marocains.<\/p>\n<p>Pour donner plus de visibilit\u00e9 aux diff\u00e9rentes fili\u00e8res de l\u2019artisanat national, la SNA a accord\u00e9 une place de choix \u00e0 la r\u00e9partition th\u00e9matique par m\u00e9tier: d\u2019abord l\u2019espace choisi, cette ann\u00e9e, s\u2019\u00e9tale sur une superficie de 50.000 m2, avec une capacit\u00e9 d\u2019accueil d\u2019environ 1200 exposants en provenance des douze r\u00e9gions du Maroc, artisans individuels, coop\u00e9ratives et entreprises d\u2019artisanat, repr\u00e9sentant tous les m\u00e9tiers et les arts de l\u2019artisanat marocain.<\/p>\n<p>Sur cette surface d\u2019exposition, les organisateurs ont veill\u00e9 scrupuleusement \u00e0 ce qu\u2019une zone soit r\u00e9serv\u00e9e aux m\u00e9tiers en voie de disparition, conscients en cela qu\u2019il ne suffit pas de mettre en lumi\u00e8re ce qu\u2019on a comme patrimoine et legs en mati\u00e8re d\u2019artisanat, mais aussi de veiller \u00e0 le pr\u00e9server et \u00e0 le transmettre aux g\u00e9n\u00e9rations montantes.<\/p>\n<p>Au niveau de l\u2019espace am\u00e9nag\u00e9 pour abriter la SNA, un coin est r\u00e9serv\u00e9 \u00e0 l\u2019animation et \u00e0 l\u2019initiation aux m\u00e9tiers de l\u2019artisanat au profit des enfants, outre une sc\u00e8ne mont\u00e9e pour la circonstance, afin de permettre aux troupes de musiques issues des 12 r\u00e9gions du Royaume de gratifier le public d\u2019un floril\u00e8ge de chansons et de musiques puis\u00e9es dans le r\u00e9pertoire traditionnel du Royaume.<\/p>\n<p>Et ce n\u2019est pas tout. La Semaine Nationale de l\u2019Artisanat n\u2019est pas seulement un \u00e9v\u00e9nement cantonn\u00e9 dans sa dimension marocaine mais au-del\u00e0 car, elle se veut un \u00e9v\u00e9nement tourn\u00e9 aussi vers l\u2019\u00e9tranger, avec la pr\u00e9sence en tant qu\u2019invit\u00e9s d\u2019honneur de repr\u00e9sentants de pays amis \u00e0 savoir l\u2019Indon\u00e9sie, le Chili, l\u2019Inde, la Tunisie et la Mauritanie.<\/p>\n<p>Dans un souci de rapprochement du Salon des habitants et visiteurs de la cit\u00e9 ocre, deux Carnavals ont \u00e9t\u00e9 organis\u00e9s le 11 et 17 janvier, dans une ambiance festive et all\u00e9chante, le temps de sillonner aux chants et rythmes du folklore marocain, les grandes art\u00e8res de la ville. Une v\u00e9ritable immersion au coeur des traditions et us du Royaume et un p\u00e9riple de d\u00e9couverte des sp\u00e9cificit\u00e9s et de la splendeur de l\u2019artisanat national.<\/p>\n<p>Au-del\u00e0 de ses aspects \u00ab\u00a0Marketing\u00a0\u00bb, \u00ab\u00a0Promotion\u00a0\u00bb et \u00ab\u00a0D\u00e9couverte\u00a0\u00bb, la Semaine Nationale de l\u2019Artisanat offre \u00e9galement un espace de d\u00e9bats et d\u2019\u00e9changes instructifs avec au menu des tables rondes et des conf\u00e9rences de grande envergure, \u00e0 l\u2019instar de la 9\u00e8 Rencontre sur la Pr\u00e9servation des M\u00e9tiers de l\u2019Artisanat Marocain, la Journ\u00e9e th\u00e9matique sur la Bijouterie, la Rencontre autour du th\u00e8me \u00ab\u00a0D\u00e9veloppement de formation professionnelle dans les m\u00e9tiers de l\u2019artisanat : outils et perspectives\u00a0\u00bb.<\/p>\n<p>Au menu figurent \u00e9galement des Sessions de formation d\u00e9di\u00e9es \u00e0 des artisans issus des 12 r\u00e9gions du Royaume, ax\u00e9es sur \u00ab\u00a0la ma\u00eetrise des techniques de vente et des m\u00e9thodes de prospection\u00a0\u00bb, \u00ab\u00a0le marketing des produits de l\u2019artisanat\u00a0\u00bb, \u00ab\u00a0les principes de base de la l\u00e9gislation douani\u00e8re , les proc\u00e9dures de d\u00e9douanement\u00a0\u00bb, outre des Ateliers sur \u00ab\u00a0le financement dans le secteur de l\u2019artisanat : r\u00e9alit\u00e9s et perspectives\u00a0\u00bb.<\/p>\n<p>Tous les ingr\u00e9dients se trouvent donc r\u00e9unis pour une \u00e9dition amplement r\u00e9ussie. Une organisation \u00ab\u00a0excellente\u00a0\u00bb et avec tout le professionnalisme requis pour ce genre d\u2019\u00e9v\u00e9nements et ce, \u00e0 l\u2019instar des grands Salons mondiaux.<\/p>\n<p>De quoi rendre toutes les attentes l\u00e9gitimes, surtout si on doit noter que les organisateurs tablent sur 500.000 visiteurs.<\/p>\n<p>Ainsi, le directeur g\u00e9n\u00e9ral de la Maison de l\u2019Artisan (MDA), Abdallah Aadnani ne cache pas cette ambition, notant que cet \u00e9v\u00e9nement propose aussi des sessions de formation d\u00e9di\u00e9es \u00e0 des artisans issus des 12 r\u00e9gions, ax\u00e9es notamment sur la ma\u00eetrise des techniques de vente et des m\u00e9thodes de prospection et le marketing des produits de l\u2019artisanat.<\/p>\n<p>\u00ab\u00a0Les artisans font face \u00e0 plusieurs obstacles et plus particuli\u00e8rement le probl\u00e8me de commercialisation de leurs produits\u00a0\u00bb, a-t-il d\u00e9plor\u00e9, ajoutant que ce Salon national, qui veut rem\u00e9dier \u00e0 ce probl\u00e8me, se consid\u00e8re comme \u00e9tant une plateforme ouverte au public et un espace de partage des connaissances et des expertises entre les artisans de toutes les r\u00e9gions du Royaume.<\/p>\n<p>M\u00eame son de cloche chez le pr\u00e9sident de la F\u00e9d\u00e9ration des entreprises de l\u2019artisanat, Mohamed Khalid Alami, qui a mis en avant le succ\u00e8s des \u00e9ditions pr\u00e9c\u00e9dentes compte tenu des efforts fournis et de l\u2019int\u00e9r\u00eat port\u00e9 par divers acteurs gouvernementaux, les \u00e9lus, et la soci\u00e9t\u00e9 civile, ou encore les artisans.<\/p>\n<p>\u00ab\u00a0La Semaine nationale de l\u2019artisanat constitue une valeur ajout\u00e9e qui contribue \u00e0 la hausse de la production et au d\u00e9veloppement du niveau \u00e9conomique des travailleurs op\u00e9rant dans le secteur de l\u2019artisanat\u00a0\u00bb, a-t-il not\u00e9.<\/p>\n<p>A ses yeux, la Semaine nationale de l\u2019Artisanat n\u2019est que le prolongement du parcours positif entam\u00e9 par le minist\u00e8re dans ce secteur, alors que des obstacles subsistent toujours notamment en termes de formation des artisans.<\/p>\n<p>Sidati Chaggaf, pr\u00e9sident de la F\u00e9d\u00e9ration des Chambres d\u2019Artisanat, a mis l\u2019accent, quant \u00e0 lui, sur l\u2019importance de ce Salon en tant que rendez-vous annuel d\u00e9di\u00e9 \u00e0 rendre hommage aux femmes et hommes \u00ab\u00a0artisanes\u00a0\u00bb et \u00ab\u00a0artisans\u00a0\u00bb, le temps de mettre en lumi\u00e8re leurs comp\u00e9tences et mettre en \u00e9vidence leurs habilit\u00e9s et leur savoir- faire dans la cr\u00e9ation d\u2019un produit moderne, tout en veillant, minutieusement, \u00e0 pr\u00e9server ses sp\u00e9cificit\u00e9s historiques.<\/p>\n<p>Il a mis en \u00e9vidence aussi l\u2019importance de la tenue de tels Salons, v\u00e9ritables espaces de commercialisation et de promotion des produits artisanaux, de cr\u00e9ativit\u00e9 des artisans, de comp\u00e9titivit\u00e9, et de renouvellement des pratiques du secteur.<\/p>\n<p>In fine, la SNA a acquis ses lettres de noblesse en tant que rendez-vous annuel incontournable. Un signe de reconnaissance \u00ab\u00a0in\u00e9luctable\u00a0\u00bb aux hommes et femmes qui ont consacr\u00e9 leur vie pour que cet art ancestral brille de mille feux et pour que ce symbole embl\u00e9matique de la diversit\u00e9 et de la richesse de la civilisation et de l\u2019identit\u00e9 s\u00e9culaires du Royaume puisse durer et r\u00e9sister aux al\u00e9as du temps et de l\u2019espace.<\/p>\n<p>Auteur: Meriem IGASS<br \/>\n<a href=\"http:\/\/www.mapmarrakech.ma\/fr\/artisan\/\">Cliquez ici pour lire l&rsquo;article depuis sa source.<\/a><\/p>\n","protected":false},"excerpt":{"rendered":"<p>L\u2019importance de ce rendez-vous annuel n\u2019est plus \u00e0 d\u00e9montrer comme en t\u00e9moigne, d\u2019une part, l\u2019organisation de cet \u00e9v\u00e9nement phare sous le Haut Patronage de Sa Majest\u00e9 le Roi Mohammed VI, ce qui traduit la Haute Sollicitude dont le Souverain ne cesse d\u2019entourer ce secteur et ses professionnels et, d\u2019autre part, le choix de la cit\u00e9 [&hellip;]<\/p>\n","protected":false},"author":1788,"featured_media":0,"comment_status":"closed","ping_status":"closed","sticky":false,"template":"","format":"standard","meta":{"fifu_image_url":"","fifu_image_alt":"","footnotes":""},"categories":[54,76],"tags":[],"class_list":["post-73478","post","type-post","status-publish","format-standard","hentry","category-maroc","category-regions"],"_links":{"self":[{"href":"https:\/\/linitiative.ca\/International\/wp-json\/wp\/v2\/posts\/73478","targetHints":{"allow":["GET"]}}],"collection":[{"href":"https:\/\/linitiative.ca\/International\/wp-json\/wp\/v2\/posts"}],"about":[{"href":"https:\/\/linitiative.ca\/International\/wp-json\/wp\/v2\/types\/post"}],"author":[{"embeddable":true,"href":"https:\/\/linitiative.ca\/International\/wp-json\/wp\/v2\/users\/1788"}],"replies":[{"embeddable":true,"href":"https:\/\/linitiative.ca\/International\/wp-json\/wp\/v2\/comments?post=73478"}],"version-history":[{"count":0,"href":"https:\/\/linitiative.ca\/International\/wp-json\/wp\/v2\/posts\/73478\/revisions"}],"wp:attachment":[{"href":"https:\/\/linitiative.ca\/International\/wp-json\/wp\/v2\/media?parent=73478"}],"wp:term":[{"taxonomy":"category","embeddable":true,"href":"https:\/\/linitiative.ca\/International\/wp-json\/wp\/v2\/categories?post=73478"},{"taxonomy":"post_tag","embeddable":true,"href":"https:\/\/linitiative.ca\/International\/wp-json\/wp\/v2\/tags?post=73478"}],"curies":[{"name":"wp","href":"https:\/\/api.w.org\/{rel}","templated":true}]}}