{"id":73485,"date":"2020-01-19T09:59:14","date_gmt":"2020-01-19T14:59:14","guid":{"rendered":"https:\/\/linitiative.ca\/International\/oran-relogement-de-153-familles-des-quartiers-populaires-del-hamri-et-medioun\/"},"modified":"2020-01-19T09:59:14","modified_gmt":"2020-01-19T14:59:14","slug":"oran-relogement-de-153-familles-des-quartiers-populaires-del-hamri-et-medioun","status":"publish","type":"post","link":"https:\/\/linitiative.ca\/International\/oran-relogement-de-153-familles-des-quartiers-populaires-del-hamri-et-medioun\/","title":{"rendered":"Oran : relogement de 153 familles des quartiers populaires d\u2019El Hamri et  Medioun"},"content":{"rendered":"<div readability=\"38\">\n<p><strong>\u00a0ORAN- Quelque 153 familles d\u00e9tentrices de pr\u00e9-affectations et r\u00e9sidant dans de vieux b\u00e2tis des quartiers d\u2019El Hamri et Mediouni (Oran) ont \u00e9t\u00e9 relog\u00e9es, dimanche, au p\u00f4le urbain de Belga\u00efd, dans la commune de Bir El Djir, a-t-on constat\u00e9.<\/strong><\/p>\n<\/div>\n<div readability=\"72.3788748565\">\n<p>Tous les moyens humains et mat\u00e9riels ont \u00e9t\u00e9 mobilis\u00e9s pour la r\u00e9ussite et le bon d\u00e9roulement de cette op\u00e9ration, suivie directement par la d\u00e9molition du vieux b\u00e2ti, ou r\u00e9sidaient ces familles.<\/p>\n<p>Dans une d\u00e9claration \u00e0 la presse, le wali d\u2019Oran, Abdelkader Djelaoui, a soulign\u00e9 que ces familles avaient introduit des recours en 2011 avant de b\u00e9n\u00e9ficier en 2016 de pr\u00e9-affectations pour b\u00e9n\u00e9ficier de nouveaux logements de type F3. Il a \u00e9galement fait \u00e9tat de la r\u00e9ception en 2020 et 2021, de 60.000 logements de diff\u00e9rentes formules.<\/p>\n<p>Dans ce cadre, le m\u00eame responsable a soulign\u00e9 qu\u2019au titre de l\u2019ann\u00e9e en cours, plus de 8.000 logements publics locatifs seront attribu\u00e9s par les points, 4.000 autres similaires dans le cadre de la r\u00e9sorption de l\u2019habitat pr\u00e9caire (RHP) dans les communes de la wilaya, \u00e0 l\u2019instar de Oued Tl\u00e9lat, Misserghine, Bethioua, Benfr\u00e9ha, Bousfer et autres.<\/p>\n<hr\/>\n<h3>Lire aussi: <a href=\"http:\/\/www.aps.dz\/regions\/99757-mascara-attribution-de-plus-de-1-000-logements-location-vente-au-1er-semestre-2020\" target=\"_blank\" rel=\"noopener noreferrer\">Mascara: attribution de plus de 1.000 logements location-vente au 1er semestre 2020<\/a><\/h3>\n<hr\/>\n<p>Durant la m\u00eame p\u00e9riode, il est pr\u00e9vu la distribution de 1.000 autres logements de type LPA et plus de14.600 logements de type location\/vente (AADL) au nouveau p\u00f4le urbain \u00ab Ahmed Zabana \u00bb de Misserghine.<\/p>\n<p>De son c\u00f4t\u00e9, le directeur de l\u2019office de promotion et de gestion immobili\u00e8res, Mohamed Baroud, a soulign\u00e9 que cette op\u00e9ration, premi\u00e8re du genre cette ann\u00e9e, a permis d\u2019exclure dix familles de cette op\u00e9ration du fait que les enqu\u00eates avaient r\u00e9v\u00e9l\u00e9 que les chefs de ces familles avaient b\u00e9n\u00e9fici\u00e9 de logements.<\/p>\n<p>Le m\u00eame responsable a \u00e9galement annonc\u00e9 que d\u2019autres op\u00e9rations sont pr\u00e9vues cette ann\u00e9e dans le cadre du programme de relogement par points et au titre du RHP.<\/p>\n<\/div>\n<p>Auteur:<br \/>\n<a href=\"http:\/\/www.aps.dz\/regions\/100312-oran-relogement-de-153-familles-des-quartiers-populaires-d-el-hamri-et-medioun\">Cliquez ici pour lire l&rsquo;article depuis sa source.<\/a><\/p>\n","protected":false},"excerpt":{"rendered":"<p>\u00a0ORAN- Quelque 153 familles d\u00e9tentrices de pr\u00e9-affectations et r\u00e9sidant dans de vieux b\u00e2tis des quartiers d\u2019El Hamri et Mediouni (Oran) ont \u00e9t\u00e9 relog\u00e9es, dimanche, au p\u00f4le urbain de Belga\u00efd, dans la commune de Bir El Djir, a-t-on constat\u00e9. Tous les moyens humains et mat\u00e9riels ont \u00e9t\u00e9 mobilis\u00e9s pour la r\u00e9ussite et le bon d\u00e9roulement de [&hellip;]<\/p>\n","protected":false},"author":1790,"featured_media":0,"comment_status":"closed","ping_status":"closed","sticky":false,"template":"","format":"standard","meta":{"fifu_image_url":"","fifu_image_alt":"","footnotes":""},"categories":[53,76],"tags":[],"class_list":["post-73485","post","type-post","status-publish","format-standard","hentry","category-algerie","category-regions"],"_links":{"self":[{"href":"https:\/\/linitiative.ca\/International\/wp-json\/wp\/v2\/posts\/73485","targetHints":{"allow":["GET"]}}],"collection":[{"href":"https:\/\/linitiative.ca\/International\/wp-json\/wp\/v2\/posts"}],"about":[{"href":"https:\/\/linitiative.ca\/International\/wp-json\/wp\/v2\/types\/post"}],"author":[{"embeddable":true,"href":"https:\/\/linitiative.ca\/International\/wp-json\/wp\/v2\/users\/1790"}],"replies":[{"embeddable":true,"href":"https:\/\/linitiative.ca\/International\/wp-json\/wp\/v2\/comments?post=73485"}],"version-history":[{"count":0,"href":"https:\/\/linitiative.ca\/International\/wp-json\/wp\/v2\/posts\/73485\/revisions"}],"wp:attachment":[{"href":"https:\/\/linitiative.ca\/International\/wp-json\/wp\/v2\/media?parent=73485"}],"wp:term":[{"taxonomy":"category","embeddable":true,"href":"https:\/\/linitiative.ca\/International\/wp-json\/wp\/v2\/categories?post=73485"},{"taxonomy":"post_tag","embeddable":true,"href":"https:\/\/linitiative.ca\/International\/wp-json\/wp\/v2\/tags?post=73485"}],"curies":[{"name":"wp","href":"https:\/\/api.w.org\/{rel}","templated":true}]}}