{"id":73487,"date":"2020-01-19T12:51:28","date_gmt":"2020-01-19T17:51:28","guid":{"rendered":"https:\/\/linitiative.ca\/International\/djoudi-attoumi-le-projet-de-loi-criminalisant-le-discours-de-haine-intervient-au-bon-moment\/"},"modified":"2020-01-19T12:51:28","modified_gmt":"2020-01-19T17:51:28","slug":"djoudi-attoumi-le-projet-de-loi-criminalisant-le-discours-de-haine-intervient-au-bon-moment","status":"publish","type":"post","link":"https:\/\/linitiative.ca\/International\/djoudi-attoumi-le-projet-de-loi-criminalisant-le-discours-de-haine-intervient-au-bon-moment\/","title":{"rendered":"Djoudi Attoumi: le projet de loi criminalisant le discours de haine intervient au \u00ab\u00a0bon moment\u00a0\u00bb"},"content":{"rendered":"<div readability=\"38\">\n<p><strong>TIZI-OUZOU &#8211; L&rsquo;officier de l&rsquo;Arm\u00e9e de Lib\u00e9ration nationale (ALN), Djoudi Attoumi, a salu\u00e9 dimanche \u00e0 Tizi-Ouzou la d\u00e9cision du Pr\u00e9sident de la R\u00e9publique d&rsquo;\u00e9laborer un projet de loi criminalisant le discours de haine et toute forme de racisme et de r\u00e9gionalisme, estimant que cette initiative est \u00ab\u00a0positive\u00a0\u00bb et intervient au \u00ab\u00a0bon moment\u00a0\u00bb.<\/strong><\/p>\n<\/div>\n<div readability=\"67\">\n<p>Le moudjahid et \u00e9crivain, qui s&rsquo;exprimait en marge d&rsquo;un hommage qui lui a \u00e9t\u00e9 rendu dans le cadre de la 12\u00e8me \u00e9dition du salon du livre Djurdjura, a insist\u00e9 notamment sur \u00ab\u00a0l\u2019imp\u00e9ratif de juger les auteurs de ce genre de d\u00e9rives\u00a0\u00bb.<\/p>\n<p>Dans ce cadre, une op\u00e9ration de collecte de signatures condamnant les atteintes aux martyres de la guerre de lib\u00e9ration nationales a \u00e9t\u00e9 lanc\u00e9e par le bureau local de l&rsquo;Organisation nationale des moudjahidine (ONM).<\/p>\n<p>Cette p\u00e9tition intervient en r\u00e9action aux propos attentant \u00e0 la m\u00e9moire d&rsquo;un des symboles de la R\u00e9volution alg\u00e9rienne, Abane Ramdane, tenus r\u00e9cemment par le directeur de la Culture de la wilaya de M\u2019sila, d\u00e9mis de ses fonctions et mis sous mandat de d\u00e9p\u00f4t depuis.<\/p>\n<p>Selon Djoudi Attoumi, \u00ab\u00a0il ne faudrait pas accorder de cr\u00e9dit \u00e0 ces attaques\u00a0\u00bb qui, a-t-il soutenu, \u00ab\u00a0ne pourraient remettre en cause l\u2019Histoire de Abane, de la wilaya III ou de la guerre de lib\u00e9ration nationale\u00a0\u00bb.<\/p>\n<p>Pour sa part, Ait Ahmed Ouali, charg\u00e9 de l&rsquo;Histoire au niveau de l&rsquo;ONM, a qualifi\u00e9 de \u00ab\u00a0honteux\u00a0\u00bb et d'\u00a0\u00bbinadmissibles\u00a0\u00bb les attaques contre Abane Ramdane.<\/p>\n<p>Pour l\u2019ancien secr\u00e9taire du PC de la wilaya II historique, ces attaques sont une \u00ab\u00a0man\u0153uvre d\u00e9sesp\u00e9r\u00e9e visant \u00e0 jeter le discr\u00e9dit sur la coh\u00e9sion du peuple alg\u00e9rien en portant atteinte \u00e0 la m\u00e9moire d\u2019un homme (&#8230;)\u00a0\u00bb.<\/p>\n<\/div>\n<p>Auteur:<br \/>\n<a href=\"http:\/\/www.aps.dz\/regions\/100337-djoudi-attoumi-le-projet-de-loi-criminalisant-le-discours-de-haine-intervient-au-bon-moment\">Cliquez ici pour lire l&rsquo;article depuis sa source.<\/a><\/p>\n","protected":false},"excerpt":{"rendered":"<p>TIZI-OUZOU &#8211; L&rsquo;officier de l&rsquo;Arm\u00e9e de Lib\u00e9ration nationale (ALN), Djoudi Attoumi, a salu\u00e9 dimanche \u00e0 Tizi-Ouzou la d\u00e9cision du Pr\u00e9sident de la R\u00e9publique d&rsquo;\u00e9laborer un projet de loi criminalisant le discours de haine et toute forme de racisme et de r\u00e9gionalisme, estimant que cette initiative est \u00ab\u00a0positive\u00a0\u00bb et intervient au \u00ab\u00a0bon moment\u00a0\u00bb. Le moudjahid et [&hellip;]<\/p>\n","protected":false},"author":1790,"featured_media":0,"comment_status":"closed","ping_status":"closed","sticky":false,"template":"","format":"standard","meta":{"fifu_image_url":"","fifu_image_alt":"","footnotes":""},"categories":[53,76],"tags":[],"class_list":["post-73487","post","type-post","status-publish","format-standard","hentry","category-algerie","category-regions"],"_links":{"self":[{"href":"https:\/\/linitiative.ca\/International\/wp-json\/wp\/v2\/posts\/73487","targetHints":{"allow":["GET"]}}],"collection":[{"href":"https:\/\/linitiative.ca\/International\/wp-json\/wp\/v2\/posts"}],"about":[{"href":"https:\/\/linitiative.ca\/International\/wp-json\/wp\/v2\/types\/post"}],"author":[{"embeddable":true,"href":"https:\/\/linitiative.ca\/International\/wp-json\/wp\/v2\/users\/1790"}],"replies":[{"embeddable":true,"href":"https:\/\/linitiative.ca\/International\/wp-json\/wp\/v2\/comments?post=73487"}],"version-history":[{"count":0,"href":"https:\/\/linitiative.ca\/International\/wp-json\/wp\/v2\/posts\/73487\/revisions"}],"wp:attachment":[{"href":"https:\/\/linitiative.ca\/International\/wp-json\/wp\/v2\/media?parent=73487"}],"wp:term":[{"taxonomy":"category","embeddable":true,"href":"https:\/\/linitiative.ca\/International\/wp-json\/wp\/v2\/categories?post=73487"},{"taxonomy":"post_tag","embeddable":true,"href":"https:\/\/linitiative.ca\/International\/wp-json\/wp\/v2\/tags?post=73487"}],"curies":[{"name":"wp","href":"https:\/\/api.w.org\/{rel}","templated":true}]}}