{"id":73492,"date":"2020-01-19T15:14:05","date_gmt":"2020-01-19T20:14:05","guid":{"rendered":"https:\/\/linitiative.ca\/International\/pros-bennacer-epate-les-specialistes-en-italie\/"},"modified":"2020-01-19T15:14:05","modified_gmt":"2020-01-19T20:14:05","slug":"pros-bennacer-epate-les-specialistes-en-italie","status":"publish","type":"post","link":"https:\/\/linitiative.ca\/International\/pros-bennacer-epate-les-specialistes-en-italie\/","title":{"rendered":"Pros : Bennacer \u00e9pate les sp\u00e9cialistes en Italie !"},"content":{"rendered":"<div readability=\"32\">\n<p>Auteur : <span>Moumen A.<\/span> <span class=\"time\">dimanche 19 janvier 2020 17:59<\/span><\/p>\n<\/div>\n<div id=\"post_core\" readability=\"59\">\n<p>Le Milan AC a renou\u00e9 avec le succ\u00e8s au San Siro hier apr\u00e8s-midi en parvenant \u00e0 battre l\u2019\u00e9quipe de l\u2019Udinese. Les milanais m\u00e9tamorphos\u00e9s depuis l\u2019arriv\u00e9e de Stephano Pioli \u00e0 la t\u00eate de la barre technique sont revenus \u00e0 deux longueurs de la 6e place synonyme d\u2019une participation \u00e0 l\u2019Europa League. Les Rossoneris ne sont plus qu\u2019\u00e0 7 longueurs d\u2019une place qualificative \u00e0 la Ligue des Champions. Ce regain de forme est le fruit d\u2019un travail de tout un groupe mais aussi aux repositionnements de l\u2019entraineur qui a par exemple donn\u00e9 plus de responsabilit\u00e9s dans le jeu \u00e0 son jeune prodige alg\u00e9rien Ismael Bennacer. Titulaire encore une fois, Bennacer a sorti un match \u00e9norme. Positionn\u00e9 comme milieu gauche, un poste qu\u2019il assume \u00e0 merveille en s\u00e9lection, Ismael a \u00e9t\u00e9 tr\u00e8s actif et pesant dans la construction des actions offensives de son \u00e9quipe. Il est all\u00e9 au bout de cette rencontre gagn\u00e9e trois buts \u00e0 deux<\/p>\n<p><strong>Ses statistiques sont incroyables<\/strong><\/p>\n<p>Les sp\u00e9cialistes du football en Italie n\u2019h\u00e9sitent pas \u00e0 attribuer \u00e0 l\u2019Alg\u00e9rien Ismael Bennacer cet \u00e9quilibre magnifique retrouv\u00e9 dans le jeu du Milan AC. Tr\u00e8s efficace\u00a0 en\u00a0 jeu de transition l\u2019ancien joueur d\u2019Arsenal FC affiche aussi des statistiques incroyables. Ce dimanche contre l\u2019Udinese, Bennacer a r\u00e9ussi presque tout ce qu\u2019il a entrepris. Le joueur du Milan a eu un taux de r\u00e9ussite de\u00a0 86%\u00a0 sur les 44 passes qu\u2019il a effectu\u00e9es durant cette rencontre. Ismael plus offensif que d\u2019habitude, a failli \u00eatre \u00e0 deux reprises passeur d\u00e9cisives si ses deux caviars donn\u00e9s \u00e0 ses camarades avaient \u00e9t\u00e9 bien concr\u00e9tis\u00e9s ces passes cl\u00e9s. Ismael a gagn\u00e9 7 duels au sol et r\u00e9cup\u00e9r\u00e9 plusieurs ballons au milieu de terrain.\u00a0 Le meilleur joueur de la derni\u00e8re CAN 2019\u00a0 poss\u00e8de aussi un pourcentage tr\u00e8s \u00e9lev\u00e9 de dribles r\u00e9ussies dans sa zone en championnat avec un taux de r\u00e9ussites de 87 %.<\/p>\n<p><strong>Il a eu un 7,1\/10 hier malgr\u00e9 un carton \u00e9cop\u00e9<\/strong><\/p>\n<p>Tr\u00e8s actif dans ce match gagn\u00e9 difficilement hier contre l\u2019Udinese, l\u2019Alg\u00e9rien du Milan AC a gagn\u00e9 l\u2019estime des grands experts de la S\u00e9rie A d\u2019Italie. L\u2019Alg\u00e9rien qui a eu quelques difficult\u00e9s \u00e0 r\u00e9pondre aux attentes des exigeants supporteurs milanais en d\u00e9but de saison, a fait le vide au tour de lui. La Gazzetta Dello Sport et plusieurs sites italiens ont fait l\u2019\u00e9loge de l\u2019ancien Guenners d\u2019arsenal. Hier, Bennacer a eu droit \u00e0 une tr\u00e8s bonne note malgr\u00e9 ce carton jaune \u00e9cop\u00e9. Sofscore.com et Whoscored.com lui ont attribu\u00e9s 7,1\/10.<\/p>\n<p><strong>Moumen A.<\/strong><\/p>\n<p><strong>Publi\u00e9 dans :<\/strong> <span>BENNACER<\/span><\/p>\n<\/div>\n<p>Auteur:<br \/>\n<a href=\"http:\/\/www.lebuteur.com\/article\/detail?titre=bennacer-epate-les-specialistes-en-italie&#038;id=94265&#038;utm_source=feedburner&#038;utm_medium=feed&#038;utm_campaign=Feed%3A+GalerieFArtciles+%28Les+derniers+articles++-+lebuteur.com%29\">Cliquez ici pour lire l&rsquo;article depuis sa source.<\/a><\/p>\n","protected":false},"excerpt":{"rendered":"<p>Auteur : Moumen A. dimanche 19 janvier 2020 17:59 Le Milan AC a renou\u00e9 avec le succ\u00e8s au San Siro hier apr\u00e8s-midi en parvenant \u00e0 battre l\u2019\u00e9quipe de l\u2019Udinese. Les milanais m\u00e9tamorphos\u00e9s depuis l\u2019arriv\u00e9e de Stephano Pioli \u00e0 la t\u00eate de la barre technique sont revenus \u00e0 deux longueurs de la 6e place synonyme d\u2019une [&hellip;]<\/p>\n","protected":false},"author":1738,"featured_media":73493,"comment_status":"closed","ping_status":"closed","sticky":false,"template":"","format":"standard","meta":{"fifu_image_url":"","fifu_image_alt":"","footnotes":""},"categories":[53,75],"tags":[],"class_list":["post-73492","post","type-post","status-publish","format-standard","has-post-thumbnail","hentry","category-algerie","category-sport"],"_links":{"self":[{"href":"https:\/\/linitiative.ca\/International\/wp-json\/wp\/v2\/posts\/73492","targetHints":{"allow":["GET"]}}],"collection":[{"href":"https:\/\/linitiative.ca\/International\/wp-json\/wp\/v2\/posts"}],"about":[{"href":"https:\/\/linitiative.ca\/International\/wp-json\/wp\/v2\/types\/post"}],"author":[{"embeddable":true,"href":"https:\/\/linitiative.ca\/International\/wp-json\/wp\/v2\/users\/1738"}],"replies":[{"embeddable":true,"href":"https:\/\/linitiative.ca\/International\/wp-json\/wp\/v2\/comments?post=73492"}],"version-history":[{"count":0,"href":"https:\/\/linitiative.ca\/International\/wp-json\/wp\/v2\/posts\/73492\/revisions"}],"wp:featuredmedia":[{"embeddable":true,"href":"https:\/\/linitiative.ca\/International\/wp-json\/"}],"wp:attachment":[{"href":"https:\/\/linitiative.ca\/International\/wp-json\/wp\/v2\/media?parent=73492"}],"wp:term":[{"taxonomy":"category","embeddable":true,"href":"https:\/\/linitiative.ca\/International\/wp-json\/wp\/v2\/categories?post=73492"},{"taxonomy":"post_tag","embeddable":true,"href":"https:\/\/linitiative.ca\/International\/wp-json\/wp\/v2\/tags?post=73492"}],"curies":[{"name":"wp","href":"https:\/\/api.w.org\/{rel}","templated":true}]}}