{"id":73496,"date":"2020-01-19T15:14:08","date_gmt":"2020-01-19T20:14:08","guid":{"rendered":"https:\/\/linitiative.ca\/International\/pros-mehdi-zeffane-en-route-vers-krylia-sovetov-samara\/"},"modified":"2020-01-19T15:14:08","modified_gmt":"2020-01-19T20:14:08","slug":"pros-mehdi-zeffane-en-route-vers-krylia-sovetov-samara","status":"publish","type":"post","link":"https:\/\/linitiative.ca\/International\/pros-mehdi-zeffane-en-route-vers-krylia-sovetov-samara\/","title":{"rendered":"Pros : Mehdi Zeffane en route vers Krylia Sovetov Samara"},"content":{"rendered":"<div readability=\"32\">\n<p>Auteur : <span class=\"time\">dimanche 19 janvier 2020 19:29<\/span><\/p>\n<\/div>\n<div id=\"post_core\" readability=\"44\">\n<p>Le lat\u00e9ral droit de l\u2019EN, Mehdi Zeffane est sur la voie de mettre fin \u00e0 son ch\u00f4mage footballistique qui dure depuis l\u2019\u00e9t\u00e9 dernier. Ce n\u2019est un secret pour personne, Zeffane est sans club depuis la fin de son contrat avec le Stade Rennais. En d\u00e9pit du fait qu\u2019il ait r\u00e9alis\u00e9 une bonne CAN, le joueur en question n\u2019a pas r\u00e9ussi \u00e0 trouver de club. Et la prochaine destination de Mehdi Zeffane pourrait \u00eatre la Russie. En effet, selon la presse russe, Mehdi Zeffane serait tr\u00e8s proche de rejoindre la formation de Krylia Sovetov Samara. Cette formation, qui occupe la 15\u00e8me et avant derni\u00e8re place du classement du championnat russe, serait en n\u00e9gociations tr\u00e8s avanc\u00e9es avec le joueur en question. Les responsables du club en question veulent renforcer les rangs de leur team par des joueurs de qualit\u00e9 pour pouvoir r\u00e9ussir une bonne seconde partie de saison et \u00e9viter la rel\u00e9gation.<\/p>\n<p><strong>Publi\u00e9 dans :<\/strong> <span>Mehdi Zeffane<\/span><\/p>\n<\/div>\n<p>Auteur:<br \/>\n<a href=\"http:\/\/www.lebuteur.com\/article\/detail?titre=mehdi-zeffane-en-route-vers-krylia-sovetov-samara&#038;id=94267&#038;utm_source=feedburner&#038;utm_medium=feed&#038;utm_campaign=Feed%3A+GalerieFArtciles+%28Les+derniers+articles++-+lebuteur.com%29\">Cliquez ici pour lire l&rsquo;article depuis sa source.<\/a><\/p>\n","protected":false},"excerpt":{"rendered":"<p>Auteur : dimanche 19 janvier 2020 19:29 Le lat\u00e9ral droit de l\u2019EN, Mehdi Zeffane est sur la voie de mettre fin \u00e0 son ch\u00f4mage footballistique qui dure depuis l\u2019\u00e9t\u00e9 dernier. Ce n\u2019est un secret pour personne, Zeffane est sans club depuis la fin de son contrat avec le Stade Rennais. En d\u00e9pit du fait qu\u2019il [&hellip;]<\/p>\n","protected":false},"author":1738,"featured_media":73497,"comment_status":"closed","ping_status":"closed","sticky":false,"template":"","format":"standard","meta":{"fifu_image_url":"","fifu_image_alt":"","footnotes":""},"categories":[53,75],"tags":[],"class_list":["post-73496","post","type-post","status-publish","format-standard","has-post-thumbnail","hentry","category-algerie","category-sport"],"_links":{"self":[{"href":"https:\/\/linitiative.ca\/International\/wp-json\/wp\/v2\/posts\/73496","targetHints":{"allow":["GET"]}}],"collection":[{"href":"https:\/\/linitiative.ca\/International\/wp-json\/wp\/v2\/posts"}],"about":[{"href":"https:\/\/linitiative.ca\/International\/wp-json\/wp\/v2\/types\/post"}],"author":[{"embeddable":true,"href":"https:\/\/linitiative.ca\/International\/wp-json\/wp\/v2\/users\/1738"}],"replies":[{"embeddable":true,"href":"https:\/\/linitiative.ca\/International\/wp-json\/wp\/v2\/comments?post=73496"}],"version-history":[{"count":0,"href":"https:\/\/linitiative.ca\/International\/wp-json\/wp\/v2\/posts\/73496\/revisions"}],"wp:featuredmedia":[{"embeddable":true,"href":"https:\/\/linitiative.ca\/International\/wp-json\/"}],"wp:attachment":[{"href":"https:\/\/linitiative.ca\/International\/wp-json\/wp\/v2\/media?parent=73496"}],"wp:term":[{"taxonomy":"category","embeddable":true,"href":"https:\/\/linitiative.ca\/International\/wp-json\/wp\/v2\/categories?post=73496"},{"taxonomy":"post_tag","embeddable":true,"href":"https:\/\/linitiative.ca\/International\/wp-json\/wp\/v2\/tags?post=73496"}],"curies":[{"name":"wp","href":"https:\/\/api.w.org\/{rel}","templated":true}]}}