{"id":73503,"date":"2020-01-19T01:00:00","date_gmt":"2020-01-19T06:00:00","guid":{"rendered":"https:\/\/linitiative.ca\/International\/drame-a-el-oued-12-morts-dans-une-violente-collision-entre-deux-bus-de-voyageurs-actualise\/"},"modified":"2020-01-19T01:00:00","modified_gmt":"2020-01-19T06:00:00","slug":"drame-a-el-oued-12-morts-dans-une-violente-collision-entre-deux-bus-de-voyageurs-actualise","status":"publish","type":"post","link":"https:\/\/linitiative.ca\/International\/drame-a-el-oued-12-morts-dans-une-violente-collision-entre-deux-bus-de-voyageurs-actualise\/","title":{"rendered":"Drame \u00e0 El Oued: 12 morts dans une violente collision entre deux bus de voyageurs (actualis\u00e9)"},"content":{"rendered":"<p>Douze passagers ont trouv\u00e9 la mort dans un violent accident de la circulation, dans la matin\u00e9e du Dimanche , \u00e0 El Oued , a indiqu\u00e9 la direction de la protection civile de la wilaya d\u2019El Oued\u00a0.<\/p>\n<p>Selon la meme source, l\u2019accident a eu lieu suite \u00e0 une collision entre deux bus de transport de voyageurs de marque Higer , le premier assurant la desserte Ouargla vers Jijel et le 2<sup>e<\/sup> venant du sens contraire , assaurant la desserte S\u00e9tif vers Ouargla , \u00e0 \u00a01h\u00a0: 10 mn , de la matin\u00e9e de Dimanche , sur la RN 3 dans la commune d\u2019Astil .<\/p>\n<p>La protection civile a pr\u00e9cis\u00e9 que les victimes sont \u00e2g\u00e9es entre 19 et 73 ans . L\u2019accident a \u00e9galement caus\u00e9 des blessures \u00e0 46 autres passagers . Les corps de victimes ont \u00e9t\u00e9 transf\u00e9r\u00e9s \u00e0 la morgue de l&rsquo;h\u00f4pital d&rsquo;El M&rsquo;gheir et les bless\u00e9s, dont certains se trouvent dans un \u00e9tat grave, ont \u00e9t\u00e9 \u00e9vacu\u00e9s vers la m\u00eame structure.<\/p>\n<p>Les services de la Gendarmerie Nationale ,ont ouvert une enqu\u00eate afin de d\u00e9terminer les circonstances de ce drame. Selon les premiers \u00e9l\u00e9ments de l\u2019enqu\u00eate , l\u2019exc\u00e8s de vitesse serait la cause principale de la collision violente .<\/p>\n<p>Neila B\/ R\u00e9daction web\u00a0<\/p>\n<p>Auteur: elmoudjahid<br \/>\n<a href=\"http:\/\/www.elmoudjahid.com\/fr\/actualites\/147329\">Cliquez ici pour lire l&rsquo;article depuis sa source.<\/a><\/p>\n","protected":false},"excerpt":{"rendered":"<p>Douze passagers ont trouv\u00e9 la mort dans un violent accident de la circulation, dans la matin\u00e9e du Dimanche , \u00e0 El Oued , a indiqu\u00e9 la direction de la protection civile de la wilaya d\u2019El Oued\u00a0. Selon la meme source, l\u2019accident a eu lieu suite \u00e0 une collision entre deux bus de transport de voyageurs [&hellip;]<\/p>\n","protected":false},"author":1744,"featured_media":0,"comment_status":"closed","ping_status":"closed","sticky":false,"template":"","format":"standard","meta":{"fifu_image_url":"","fifu_image_alt":"","footnotes":""},"categories":[73,53],"tags":[],"class_list":["post-73503","post","type-post","status-publish","format-standard","hentry","category-actualite","category-algerie"],"_links":{"self":[{"href":"https:\/\/linitiative.ca\/International\/wp-json\/wp\/v2\/posts\/73503","targetHints":{"allow":["GET"]}}],"collection":[{"href":"https:\/\/linitiative.ca\/International\/wp-json\/wp\/v2\/posts"}],"about":[{"href":"https:\/\/linitiative.ca\/International\/wp-json\/wp\/v2\/types\/post"}],"author":[{"embeddable":true,"href":"https:\/\/linitiative.ca\/International\/wp-json\/wp\/v2\/users\/1744"}],"replies":[{"embeddable":true,"href":"https:\/\/linitiative.ca\/International\/wp-json\/wp\/v2\/comments?post=73503"}],"version-history":[{"count":0,"href":"https:\/\/linitiative.ca\/International\/wp-json\/wp\/v2\/posts\/73503\/revisions"}],"wp:attachment":[{"href":"https:\/\/linitiative.ca\/International\/wp-json\/wp\/v2\/media?parent=73503"}],"wp:term":[{"taxonomy":"category","embeddable":true,"href":"https:\/\/linitiative.ca\/International\/wp-json\/wp\/v2\/categories?post=73503"},{"taxonomy":"post_tag","embeddable":true,"href":"https:\/\/linitiative.ca\/International\/wp-json\/wp\/v2\/tags?post=73503"}],"curies":[{"name":"wp","href":"https:\/\/api.w.org\/{rel}","templated":true}]}}