{"id":73506,"date":"2020-01-19T11:52:23","date_gmt":"2020-01-19T16:52:23","guid":{"rendered":"https:\/\/linitiative.ca\/International\/100328-foot-mercato-d-hiver-le-mouvement-des-entraineurs-supplante-celui-des-joueurs\/"},"modified":"2020-01-19T11:52:23","modified_gmt":"2020-01-19T16:52:23","slug":"100328-foot-mercato-d-hiver-le-mouvement-des-entraineurs-supplante-celui-des-joueurs","status":"publish","type":"post","link":"https:\/\/linitiative.ca\/International\/100328-foot-mercato-d-hiver-le-mouvement-des-entraineurs-supplante-celui-des-joueurs\/","title":{"rendered":"Foot\/Mercato d&rsquo;hiver : le mouvement des entra\u00eeneurs supplante celui des  joueurs"},"content":{"rendered":"<div readability=\"38\">\n<p><strong>ALGER &#8211; Le mouvement des entra\u00eeneurs dans les deux Ligues professionnelles de football, au terme de la phase aller de la comp\u00e9tition, a \u00e9t\u00e9 particuli\u00e8rement important, rel\u00e9guant au second plan celui des joueurs, \u00e0 deux jours de la fermeture de la p\u00e9riode d&rsquo;enregistrement d&rsquo;hiver.<\/strong><\/p>\n<\/div>\n<div readability=\"86.0833333333\">\n<p>Alors que tout le monde s&rsquo;attendait \u00e0 un march\u00e9 hivernal emball\u00e9, le nombre des transferts effectu\u00e9s dans les deux paliers reste faible, eu \u00e9gard notamment au manque d&rsquo;oiseaux rares, mais \u00e9galement \u00e0 la crise financi\u00e8re que traversent la majorit\u00e9 des formations alg\u00e9riennes.<\/p>\n<p>En revanche, l&rsquo;actualit\u00e9 a \u00e9t\u00e9 marqu\u00e9e par un mouvement des entra\u00eeneurs important, avec pas moins de sept arriv\u00e9es uniquement en Ligue 1, alors que d&rsquo;autres clubs se sont s\u00e9par\u00e9s de leurs entra\u00eeneurs, sans pour autant les remplacer jusqu&rsquo;\u00e0 pr\u00e9sent, \u00e0 l&rsquo;image du MC Alger et de la JS Kabylie.<\/p>\n<p>Cette derni\u00e8re avait annonc\u00e9 vendredi sa d\u00e9cision de mettre fin \u00e0 sa collaboration avec le technicien fran\u00e7ais Hubert Velud, au lendemain de la d\u00e9faite conc\u00e9d\u00e9e en d\u00e9placement face \u00e0 l&rsquo;USM Alger (1-0), en mise \u00e0 jour de la 12e journ\u00e9e.<\/p>\n<hr\/>\n<h3>Lire aussi: <a href=\"http:\/\/www.aps.dz\/sport\/100168-foot-ligue-1-mise-a-jour-usma-jsk-un-clasico-pour-rejoindre-le-podium\" target=\"_blank\" rel=\"noopener noreferrer\">Ligue 1 (mise \u00e0 jour) USMA-JSK: un \u00ab\u00a0clasico\u00a0\u00bb pour rejoindre le podium<\/a><\/h3>\n<hr\/>\n<p>Le NA Husse\u00efn-Dey, le CR Belouizdad, le NC Magra, l&rsquo;AS A\u00efn M&rsquo;lila, le CA Bordj Bou Arr\u00e9ridj, la JS Saoura, la JS Kabylie et le CS Constantine vont d\u00e9marrer ainsi la seconde partie de la saison, fix\u00e9e au 1er f\u00e9vrier, avec de nouveaux staffs techniques, ce qui constitue un fait in\u00e9dit depuis l&rsquo;instauration du professionnalisme en 2010.<\/p>\n<p>L&rsquo;USM Alger (Billel Dziri), le MC Oran (Bachir Mecheri), l&rsquo;ASO Chlef (Samir Zaoui), le Paradou AC (Francisco Alexandre Chalo) et l&rsquo;US Biskra (Nadir Leknaoui) sont les seuls clubs \u00e0 avoir pr\u00e9serv\u00e9 leurs entra\u00eeneurs depuis le d\u00e9but de la saison.<\/p>\n<p>Du c\u00f4t\u00e9 du mercato hivernal chez les joueurs, seule la JSK est parvenue \u00e0 engager jusqu&rsquo;\u00e0 pr\u00e9sent les trois joueurs autoris\u00e9s par la F\u00e9d\u00e9ration alg\u00e9rienne (FAF). Les autres \u00e9quipes, \u00e0 l&rsquo;image du champion d&rsquo;Alg\u00e9rie sortant l&rsquo;USM Alger, en butte \u00e0 une crise financi\u00e8re sans pr\u00e9c\u00e9dent, ont pr\u00e9f\u00e9r\u00e9 jusque-l\u00e0 s&rsquo;abstenir de recruter.<\/p>\n<p>D&rsquo;ici \u00e0 la date butoir fix\u00e9e au 21 janvier \u00e0 minuit, des transferts de derni\u00e8re minute ne sont pas \u00e0 \u00e9carter, une mani\u00e8re pour certaines \u00e9quipes de l&rsquo;\u00e9lite de rattraper le temps perdu et d&rsquo;engager des \u00e9l\u00e9ments capables de donner un plus lors de la phase retour.<\/p>\n<\/div>\n<p>Auteur:<br \/>\n<a href=\"http:\/\/www.aps.dz\/sport\/100328-foot-mercato-d-hiver-le-mouvement-des-entraineurs-supplante-celui-des-joueurs?utm_source=feedburner&#038;utm_medium=feed&#038;utm_campaign=Feed%3A+aps-sport+%28APS+-+SPORT%29\">Cliquez ici pour lire l&rsquo;article depuis sa source.<\/a><\/p>\n","protected":false},"excerpt":{"rendered":"<p>ALGER &#8211; Le mouvement des entra\u00eeneurs dans les deux Ligues professionnelles de football, au terme de la phase aller de la comp\u00e9tition, a \u00e9t\u00e9 particuli\u00e8rement important, rel\u00e9guant au second plan celui des joueurs, \u00e0 deux jours de la fermeture de la p\u00e9riode d&rsquo;enregistrement d&rsquo;hiver. Alors que tout le monde s&rsquo;attendait \u00e0 un march\u00e9 hivernal emball\u00e9, [&hellip;]<\/p>\n","protected":false},"author":1790,"featured_media":0,"comment_status":"closed","ping_status":"closed","sticky":false,"template":"","format":"standard","meta":{"fifu_image_url":"","fifu_image_alt":"","footnotes":""},"categories":[53,75],"tags":[],"class_list":["post-73506","post","type-post","status-publish","format-standard","hentry","category-algerie","category-sport"],"_links":{"self":[{"href":"https:\/\/linitiative.ca\/International\/wp-json\/wp\/v2\/posts\/73506","targetHints":{"allow":["GET"]}}],"collection":[{"href":"https:\/\/linitiative.ca\/International\/wp-json\/wp\/v2\/posts"}],"about":[{"href":"https:\/\/linitiative.ca\/International\/wp-json\/wp\/v2\/types\/post"}],"author":[{"embeddable":true,"href":"https:\/\/linitiative.ca\/International\/wp-json\/wp\/v2\/users\/1790"}],"replies":[{"embeddable":true,"href":"https:\/\/linitiative.ca\/International\/wp-json\/wp\/v2\/comments?post=73506"}],"version-history":[{"count":0,"href":"https:\/\/linitiative.ca\/International\/wp-json\/wp\/v2\/posts\/73506\/revisions"}],"wp:attachment":[{"href":"https:\/\/linitiative.ca\/International\/wp-json\/wp\/v2\/media?parent=73506"}],"wp:term":[{"taxonomy":"category","embeddable":true,"href":"https:\/\/linitiative.ca\/International\/wp-json\/wp\/v2\/categories?post=73506"},{"taxonomy":"post_tag","embeddable":true,"href":"https:\/\/linitiative.ca\/International\/wp-json\/wp\/v2\/tags?post=73506"}],"curies":[{"name":"wp","href":"https:\/\/api.w.org\/{rel}","templated":true}]}}