{"id":73509,"date":"2020-01-19T13:40:51","date_gmt":"2020-01-19T18:40:51","guid":{"rendered":"https:\/\/linitiative.ca\/International\/100348-le-cnasps-denonce-avec-vigueur-la-domiciliation-de-la-can-futsal-a-laayoune-occuppee\/"},"modified":"2020-01-19T13:40:51","modified_gmt":"2020-01-19T18:40:51","slug":"100348-le-cnasps-denonce-avec-vigueur-la-domiciliation-de-la-can-futsal-a-laayoune-occuppee","status":"publish","type":"post","link":"https:\/\/linitiative.ca\/International\/100348-le-cnasps-denonce-avec-vigueur-la-domiciliation-de-la-can-futsal-a-laayoune-occuppee\/","title":{"rendered":"Le Cnasps d\u00e9nonce avec \u00ab\u00a0vigueur\u00a0\u00bb la domiciliation de la CAN futsal \u00e0 La\u00e2youne occupp\u00e9e"},"content":{"rendered":"<div readability=\"38\">\n<p><strong>ALGER- Le Comit\u00e9 national alg\u00e9rien de solidarit\u00e9 avec le peuple sahraoui (Cnasps) a d\u00e9nonc\u00e9 \u00ab\u00a0vigoureusement\u00a0\u00bb dimanche l&rsquo;aval donn\u00e9 par la conf\u00e9d\u00e9ration africaine du Football (CAF) \u00e0 la d\u00e9cision de la F\u00e9d\u00e9ration royale marocaine du football (FRMF) d\u2019organiser la CAN 2020 de futsal dans la ville de La\u00e2youne occup\u00e9e au Sahara Occidental, d\u00e9plorant \u00ab\u00a0une violation caract\u00e9ris\u00e9e des statuts de la CAF, de la FIFA, et du Droit International\u00a0\u00bb.<\/strong><\/p>\n<\/div>\n<div readability=\"135.115769074\">\n<p>\u00ab\u00a0Les membres du Cnasps ont appris avec consternation et un grand \u00e9tonnement la validation par la CAF de la d\u00e9cision de la FRMF d&rsquo;organiser du 28 janvier au 05 F\u00e9vrier 2020 un tournoi africain de futsal dans la ville de La\u00e2youne occup\u00e9e au Sahara Occidental\u00a0\u00bb, s&rsquo;indigne le Comit\u00e9 dans un communiqu\u00e9.<\/p>\n<p>\u00ab\u00a0La faute du pr\u00e9sident de la CAF Ahmed Ahmed est de couvrir, sinon \u00eatre complice d&rsquo;une politisation outranci\u00e8re des \u00e9v\u00e9nements sportifs de son organisation panafricaine\u00a0\u00bb, ajoute le Cnasps, qui rappelle au passage les affinit\u00e9s du patron du foot africain avec le pr\u00e9sident de la FRMF, Faouzi Lakjaa.<\/p>\n<p>Pour le Comit\u00e9, \u00ab\u00a0le pr\u00e9sident Ahmed Ahmed s&rsquo;est pr\u00eat\u00e9 \u00e0 une man\u0153uvre politique lamentable, et s&rsquo;est rendu coupable, par cette d\u00e9rive gravissime d&rsquo;une injustice flagrante \u00e0 l&rsquo;encontre du peuple sahraoui\u00a0\u00bb, affirmant que si la CAF \u00ab\u00a0persiste dans cette d\u00e9cision grave\u00a0\u00bb elle va se \u00ab\u00a0d\u00e9shonorer, et s&rsquo;engouffrer dans une spirale dangereuse aux cons\u00e9quences incalculables, pouvant m\u00eame provoquer sa propre d\u00e9sint\u00e9gration\u00a0\u00bb.<\/p>\n<p>Le Cnasps appelle \u00e0 corriger la d\u00e9cision de la CAF pour \u00ab\u00a0\u00e9viter d\u2019introduire dans les rouages de l&rsquo;organisation continentale ce poison qui est la politisation, qui ne fera qu&rsquo;entrainer des clivages dangereux pour l&rsquo;Unit\u00e9 africaine\u00a0\u00bb.<\/p>\n<p>\u00a0\u00bb Est-ce le but recherch\u00e9 par le Maroc ? La CAF devra-t-elle l&rsquo;y aider ?\u00a0\u00bb, s&rsquo;interroge le Comit\u00e9 qui exige l&rsquo;annulation pure et simple de cette d\u00e9cision, et la d\u00e9localisation du tournoi en question dans une ville r\u00e9ellement marocaine, ou ailleurs.<\/p>\n<p>Il souligne que l&rsquo;organisation de ce tournoi est \u00ab\u00a0indiscutablement ill\u00e9gale au regard des statuts de la CAF, du Droit International, et de la Charte de l&rsquo;Union africaine, qui r\u00e9unit les pays membres de la CAF, et en totale contradiction avec l&rsquo;\u00e9thique sportive\u00a0\u00bb.<\/p>\n<hr\/>\n<h3>Lire aussi : <a href=\"http:\/\/www.aps.dz\/monde\/99267-15e-congres-du-front-polisario-poursuite-des-travaux-et-forte-presence-etrangere\" target=\"_blank\" rel=\"noopener noreferrer\">15e Congr\u00e8s du Front Polisario: poursuite des travaux et forte pr\u00e9sence \u00e9trang\u00e8re<\/a><\/h3>\n<hr\/>\n<p>\u00ab\u00a0Faute de quoi, \u00e0 l&rsquo;instar de toutes les institutions gouvernementales et non-gouvernementales, de toutes les Ong sur tous les continents, de tous les espaces parlementaires, les membres du Cnasps s&rsquo;autoriseront toutes les d\u00e9marches idoines, et useront de tous les recours possibles pour corriger cette ubuesque situation, qui l\u00e8se de fa\u00e7on inacceptable les droits du peuple sahraoui\u00a0\u00bb.<\/p>\n<p>Pr\u00e9cisant que \u00ab\u00a0les fronti\u00e8res officielles du Maroc sont celles enregistr\u00e9es au niveau des Nations unies\u00a0\u00bb, le Cnasps rappelle \u00ab\u00a0qu\u2019aucun pays au Monde ne reconnait la souverainet\u00e9 du Maroc sur le territoire du Sahara occidental, et que la Cour internationale de justice en 1976 d\u00e9j\u00e0, la Cour de justice de l&rsquo;Union europ\u00e9enne (CJUE) en 2016 et 2018, et les services juridiques de l\u2018Union africaine ont tranch\u00e9 cette question en d\u00e9clarant que le Maroc et le Sahara Occidental sont deux territoires distincts et clairement s\u00e9par\u00e9s\u00a0\u00bb.<\/p>\n<p>Le Comit\u00e9 pr\u00e9cise encore que \u00ab\u00a0l\u2019objectif politique de la man\u0153uvre fallacieuse de la FRMF, aux ordres du Palais royal marocain et du Makhzen, est \u00e9vident:\u00a0 Il vise\u00a0 \u00e0 la normalisation de son occupation du Sahara occidental, et \u00e0 placer la communaut\u00e9 internationale devant le fait accompli apr\u00e8s l\u2019organisation tonitruante et de vill\u00e9giature des fora Crans<\/p>\n<p>Montana \u00e0 Dakhla, adoss\u00e9e \u00e0 de g\u00e9n\u00e9reuses distributions de ch\u00e8ques, apr\u00e8s l\u2019ouverture \u00e0 grands renforts m\u00e9diatiques de consulats de la Gambie et des Comores toujours \u00e0 Dakhla\u00a0\u00bb.<\/p>\n<blockquote readability=\"12\">\n<p><em><strong>\u00ab\u00a0Pourquoi faire ? y a-t-il des r\u00e9sidents gambiens ou comoriens en nombre\u00a0 au Sahara occidental dont la pr\u00e9sence n\u00e9cessiterait une couverture consulaire. Voila aujourd&rsquo;hui la d\u00e9cisionde d\u00e9roulement d&rsquo;un \u00e9v\u00e9nement sportif international \u00e0 La\u00e2youne occup\u00e9e\u00a0\u00bb, s&rsquo;interroge encore le Comit\u00e9 pr\u00e9cisant que \u00ab\u00a0le Maroc, par une politique de faits et d&rsquo;\u00e9v\u00e9nements successifs, cherche \u00e0 avaliser et \u00e0 banaliser sa pr\u00e9sence de colonisateur au Sahara occidental, foulant aux pieds les r\u00e9solutions pertinentes du Conseil de s\u00e9curit\u00e9 des Nations unis\u00a0\u00bb.<\/strong><\/em><\/p>\n<\/blockquote>\n<p>L&rsquo;aval donn\u00e9 par la CAF au Maroc a suscit\u00e9 une vague d&rsquo;indignation et une vive opposition en Afrique.<\/p>\n<p>La F\u00e9d\u00e9ration sud-africaine de football (SAFA) a annonc\u00e9 le retrait de son \u00e9quipe nationale de ce rendez-vous continental. \u00ab\u00a0la SAFA a d\u00e9cid\u00e9 de d\u00e9clarer forfait (&#8230;) car le Maroc persiste \u00e0 organiser le tournoi \u00e0 La\u00e2youne, qui se situe dans le Sahara occidental occup\u00e9\u00a0\u00bb, indique un communiqu\u00e9 de la F\u00e9d\u00e9ration sud africaine.<\/p>\n<p>De son c\u00f4t\u00e9, l&rsquo;Alg\u00e9rie, \u00e0 travers sa f\u00e9d\u00e9ration de football (FAF), a d\u00e9nonc\u00e9 cette domiciliation aupr\u00e8s de la CAF, exprimant \u00e9galement son enti\u00e8re \u00ab\u00a0opposition\u00a0\u00bb.<\/p>\n<p>La FAF a appel\u00e9 la CAF \u00e0 reconsid\u00e9rer la domiciliation de cet \u00e9v\u00e9nement dans cette ville occup\u00e9e par le Maroc, et \u00e0 suivre la voie de la l\u00e9galit\u00e9 internationale, qui l\u00e8ve toute \u00e9quivoque sur la nature du conflit au Sahara Occidental dont le dossier est trait\u00e9 par les organes de l\u2019ONU comme \u00ab\u00a0une question de d\u00e9colonisation\u00a0\u00bb.<\/p>\n<\/div>\n<p>Auteur:<br \/>\n<a href=\"http:\/\/www.aps.dz\/sport\/100348-le-cnasps-denonce-avec-vigueur-la-domiciliation-de-la-can-futsal-a-laayoune-occuppee?utm_source=feedburner&#038;utm_medium=feed&#038;utm_campaign=Feed%3A+aps-sport+%28APS+-+SPORT%29\">Cliquez ici pour lire l&rsquo;article depuis sa source.<\/a><\/p>\n","protected":false},"excerpt":{"rendered":"<p>ALGER- Le Comit\u00e9 national alg\u00e9rien de solidarit\u00e9 avec le peuple sahraoui (Cnasps) a d\u00e9nonc\u00e9 \u00ab\u00a0vigoureusement\u00a0\u00bb dimanche l&rsquo;aval donn\u00e9 par la conf\u00e9d\u00e9ration africaine du Football (CAF) \u00e0 la d\u00e9cision de la F\u00e9d\u00e9ration royale marocaine du football (FRMF) d\u2019organiser la CAN 2020 de futsal dans la ville de La\u00e2youne occup\u00e9e au Sahara Occidental, d\u00e9plorant \u00ab\u00a0une violation caract\u00e9ris\u00e9e [&hellip;]<\/p>\n","protected":false},"author":1790,"featured_media":0,"comment_status":"closed","ping_status":"closed","sticky":false,"template":"","format":"standard","meta":{"fifu_image_url":"","fifu_image_alt":"","footnotes":""},"categories":[53,75],"tags":[],"class_list":["post-73509","post","type-post","status-publish","format-standard","hentry","category-algerie","category-sport"],"_links":{"self":[{"href":"https:\/\/linitiative.ca\/International\/wp-json\/wp\/v2\/posts\/73509","targetHints":{"allow":["GET"]}}],"collection":[{"href":"https:\/\/linitiative.ca\/International\/wp-json\/wp\/v2\/posts"}],"about":[{"href":"https:\/\/linitiative.ca\/International\/wp-json\/wp\/v2\/types\/post"}],"author":[{"embeddable":true,"href":"https:\/\/linitiative.ca\/International\/wp-json\/wp\/v2\/users\/1790"}],"replies":[{"embeddable":true,"href":"https:\/\/linitiative.ca\/International\/wp-json\/wp\/v2\/comments?post=73509"}],"version-history":[{"count":0,"href":"https:\/\/linitiative.ca\/International\/wp-json\/wp\/v2\/posts\/73509\/revisions"}],"wp:attachment":[{"href":"https:\/\/linitiative.ca\/International\/wp-json\/wp\/v2\/media?parent=73509"}],"wp:term":[{"taxonomy":"category","embeddable":true,"href":"https:\/\/linitiative.ca\/International\/wp-json\/wp\/v2\/categories?post=73509"},{"taxonomy":"post_tag","embeddable":true,"href":"https:\/\/linitiative.ca\/International\/wp-json\/wp\/v2\/tags?post=73509"}],"curies":[{"name":"wp","href":"https:\/\/api.w.org\/{rel}","templated":true}]}}