{"id":73511,"date":"2020-01-19T10:47:00","date_gmt":"2020-01-19T15:47:00","guid":{"rendered":"https:\/\/linitiative.ca\/International\/12-morts-et-plus-de-46-blesses-a-el-oued-a-qui-incombe-la-responsabilite-des-carnages-routiers\/"},"modified":"2020-01-19T10:47:00","modified_gmt":"2020-01-19T15:47:00","slug":"12-morts-et-plus-de-46-blesses-a-el-oued-a-qui-incombe-la-responsabilite-des-carnages-routiers","status":"publish","type":"post","link":"https:\/\/linitiative.ca\/International\/12-morts-et-plus-de-46-blesses-a-el-oued-a-qui-incombe-la-responsabilite-des-carnages-routiers\/","title":{"rendered":"12 MORTS ET PLUS DE 46  BLESSES A  EL-OUED : \u00c0 qui incombe la responsabilit\u00e9 des carnages routiers ?"},"content":{"rendered":"<p><br id=\"sep_para_1\" class=\"sep_para access\"\/><\/p>\n<div id=\"para_1\" class=\"para_35074314 resize\">\n<div class=\"photo shadow left\"><a href=\"javascript:void(0)\" rel=\"https:\/\/www.reflexiondz.net\/photo\/art\/grande\/41926164-35074314.jpg?v=1579464172&#038;ibox\" title=\"12 MORTS ET PLUS DE 46 BLESSES A EL-OUED : \u00c0 qui incombe la responsabilit\u00e9 des carnages routiers ?\"><img decoding=\"async\" class=\"responsive c9\" src=\"https:\/\/www.reflexiondz.net\/photo\/art\/grande\/41926164-35074314.jpg?v=1579464172\" alt=\"12 MORTS ET PLUS DE 46 BLESSES A EL-OUED : \u00c0 qui incombe la responsabilit\u00e9 des carnages routiers ?\" title=\"12 MORTS ET PLUS DE 46 BLESSES A EL-OUED : \u00c0 qui incombe la responsabilit\u00e9 des carnages routiers ?\"\/><img decoding=\"async\" class=\"not-responsive\" src=\"https:\/\/www.reflexiondz.net\/photo\/art\/default\/41926164-35074314.jpg?v=1579464173\" alt=\"12 MORTS ET PLUS DE 46 BLESSES A EL-OUED : \u00c0 qui incombe la responsabilit\u00e9 des carnages routiers ?\" title=\"12 MORTS ET PLUS DE 46 BLESSES A EL-OUED : \u00c0 qui incombe la responsabilit\u00e9 des carnages routiers ?\"\/><\/a><\/div>\n<div class=\"texte access firstletter\">En effet, dans la nuit du samedi \u00e0 dimanche, au moins 12 personnes ont trouv\u00e9 la mort et 46 autres ont \u00e9t\u00e9 bless\u00e9es dans une collision entre deux bus survenue sur la RN3 reliant les communes d&rsquo;Astil, 140 km au Nord de la wilaya d&rsquo;El oued, et celle d&rsquo;Oumach de la Wilaya de Biskra, a indiqu\u00e9 la Protection civile. L&rsquo;accident s&rsquo;est produit vers 02h00 du matin, lorsque deux autocars, desservant les lignes (Ouargla-jijel) et (S\u00e9tif-Ouargla) sont entr\u00e9s en collision, a pr\u00e9cis\u00e9 le directeur de la Protection civile \u00e0 El Oued, Ahmed Baoudji, qui a imput\u00e9 l&rsquo;accident \u00e0 l&rsquo;exc\u00e8s de vitesse. Les corps des victimes ont \u00e9t\u00e9 transf\u00e9r\u00e9s \u00e0 la morgue de l&rsquo;h\u00f4pital d&rsquo;ElM&rsquo;gheir et les bless\u00e9s, dont certains se trouvent dans un \u00e9tat grave, ont \u00e9t\u00e9 \u00e9vacu\u00e9s vers la m\u00eame structure. Les services de s\u00e9curit\u00e9 ont ouvert une enqu\u00eate pour d\u00e9terminer les circonstances de ce drame.\u00a0 Les ministres de l&rsquo;Int\u00e9rieur, des Collectivit\u00e9s locales et de l&rsquo;Am\u00e9nagement du territoire, Kamel Beldjoud et de la Sant\u00e9, de la Population et de la R\u00e9forme hospitali\u00e8re, Abderrahmane Benbouzid ont \u00e9t\u00e9 d\u00e9p\u00each\u00e9s dimanche par le premier ministre sur lieux de l&rsquo;accident de la circulation survenu t\u00f4t le matin entre les wilayas d&rsquo;El-Oued et de Biskra pour s&rsquo;enqu\u00e9rir de la prise en charge des victimes et pour porter assistance \u00e0 leurs familles. Le Pr\u00e9sident de la R\u00e9publique, Abdelmadjid Tebboune a pr\u00e9sent\u00e9 ses condol\u00e9ances aux familles endeuill\u00e9es par l&rsquo;accident de la circulation et a charg\u00e9 le Premier ministre de prendre toutes les dispositions n\u00e9cessaires pour la prise en charge des bless\u00e9s et porter assistance aux familles des victimes, ont indiqu\u00e9 les services du Premier ministre dans un communiqu\u00e9. \u00ab\u00a0A la suite du grave accident de la circulation qui a eu lieu t\u00f4t ce matin entre les wilayas d&rsquo;El-Oued et de Biskra entre deux autocars et qui a provoqu\u00e9 le d\u00e9c\u00e8s de plusieurs voyageurs ainsi que de nombreux bless\u00e9s, Monsieur le Pr\u00e9sident de la R\u00e9publique pr\u00e9sente ses condol\u00e9ances aux familles endeuill\u00e9es par ce terrible accident et souhaite un prompt r\u00e9tablissement aux bless\u00e9s\u00a0\u00bb, pr\u00e9cise le communiqu\u00e9. Le Pr\u00e9sident de la R\u00e9publique a \u00ab\u00a0charg\u00e9 le Premier ministre de prendre toutes les dispositions n\u00e9cessaires pour la prise en charge des bless\u00e9s et porter assistance aux familles des victimes\u00a0\u00bb, a-t-on ajout\u00e9 de m\u00eame source. \u00ab\u00a0Le Premier ministre a d\u00e9p\u00each\u00e9 les ministres de l&rsquo;Int\u00e9rieur et de la Sant\u00e9 sur les lieux \u00e0 l&rsquo;effet de superviser toutes les actions n\u00e9cessaires pour faire face \u00e0 ce tragique accident\u00a0\u00bb, a fait savoir le communiqu\u00e9.<\/div>\n<\/div>\n<p>Auteur: Ismain<br \/>\n<a href=\"https:\/\/www.reflexiondz.net\/12-MORTS-ET-PLUS-DE-46-BLESSES-A-EL-OUED-A-qui-incombe-la-responsabilite-des-carnages-routiers_a60094.html\">Cliquez ici pour lire l&rsquo;article depuis sa source.<\/a><\/p>\n","protected":false},"excerpt":{"rendered":"<p>En effet, dans la nuit du samedi \u00e0 dimanche, au moins 12 personnes ont trouv\u00e9 la mort et 46 autres ont \u00e9t\u00e9 bless\u00e9es dans une collision entre deux bus survenue sur la RN3 reliant les communes d&rsquo;Astil, 140 km au Nord de la wilaya d&rsquo;El oued, et celle d&rsquo;Oumach de la Wilaya de Biskra, a [&hellip;]<\/p>\n","protected":false},"author":1740,"featured_media":0,"comment_status":"closed","ping_status":"closed","sticky":false,"template":"","format":"standard","meta":{"fifu_image_url":"","fifu_image_alt":"","footnotes":""},"categories":[53,76],"tags":[],"class_list":["post-73511","post","type-post","status-publish","format-standard","hentry","category-algerie","category-regions"],"_links":{"self":[{"href":"https:\/\/linitiative.ca\/International\/wp-json\/wp\/v2\/posts\/73511","targetHints":{"allow":["GET"]}}],"collection":[{"href":"https:\/\/linitiative.ca\/International\/wp-json\/wp\/v2\/posts"}],"about":[{"href":"https:\/\/linitiative.ca\/International\/wp-json\/wp\/v2\/types\/post"}],"author":[{"embeddable":true,"href":"https:\/\/linitiative.ca\/International\/wp-json\/wp\/v2\/users\/1740"}],"replies":[{"embeddable":true,"href":"https:\/\/linitiative.ca\/International\/wp-json\/wp\/v2\/comments?post=73511"}],"version-history":[{"count":0,"href":"https:\/\/linitiative.ca\/International\/wp-json\/wp\/v2\/posts\/73511\/revisions"}],"wp:attachment":[{"href":"https:\/\/linitiative.ca\/International\/wp-json\/wp\/v2\/media?parent=73511"}],"wp:term":[{"taxonomy":"category","embeddable":true,"href":"https:\/\/linitiative.ca\/International\/wp-json\/wp\/v2\/categories?post=73511"},{"taxonomy":"post_tag","embeddable":true,"href":"https:\/\/linitiative.ca\/International\/wp-json\/wp\/v2\/tags?post=73511"}],"curies":[{"name":"wp","href":"https:\/\/api.w.org\/{rel}","templated":true}]}}