{"id":73512,"date":"2020-01-19T10:49:00","date_gmt":"2020-01-19T15:49:00","guid":{"rendered":"https:\/\/linitiative.ca\/International\/un-franco-algerien-provoque-lencerclement-de-macron\/"},"modified":"2020-01-19T10:49:00","modified_gmt":"2020-01-19T15:49:00","slug":"un-franco-algerien-provoque-lencerclement-de-macron","status":"publish","type":"post","link":"https:\/\/linitiative.ca\/International\/un-franco-algerien-provoque-lencerclement-de-macron\/","title":{"rendered":"Un franco-alg\u00e9rien provoque l\u2019encerclement de Macron"},"content":{"rendered":"<p><br id=\"sep_para_1\" class=\"sep_para access\"\/><\/p>\n<div id=\"para_1\" class=\"para_35074332 resize\">\n<div class=\"texte access firstletter\">Le journaliste franco-alg\u00e9rien Taha Bouhafs a publi\u00e9 un Tweet indiquant la pr\u00e9sence du pr\u00e9sident Emmanuel Macron dans un th\u00e9\u00e2tre. Un rassemblement a \u00e9t\u00e9 organis\u00e9 devant ce th\u00e9\u00e2tre. Face \u00e0 cette situation, la police a proc\u00e9d\u00e9 \u00e0 l\u2019arrestation du journaliste. La police a interpell\u00e9 dans la soir\u00e9e du 17 janvier, le journaliste Taha Bouhafs, apr\u00e8s que celui-ci\u00a0 avait publi\u00e9 un Tweet\u00a0 annon\u00e7ant que le chef de l\u2019Etat fran\u00e7ais se trouvait dans un th\u00e9\u00e2tre, ainsi que des militants qui pr\u00e9paraient \u00e0 tenir un rassemblement devant l\u2019\u00e9tablissement en question. \u00abDes militants sont quelque part dans le coin et appellent tout le monde \u00e0 rappliquer. Quelque chose se pr\u00e9pare\u2026 la soir\u00e9e risque d\u2019\u00eatre mouvement\u00e9e \u00bb, avait-il \u00e9crit. Le journaliste poursuit sur un ton ironique en demandant \u00e0 ses followers s\u2019il devait lancer ses chaussures sur le Pr\u00e9sident, \u00e0 l\u2019instar du journaliste irakien Mountazer al-Za\u00efdi, qui s\u2019est rendu c\u00e9l\u00e8bre en lan\u00e7ant ses deux chaussures en direction du pr\u00e9sident am\u00e9ricain George Bush, en d\u00e9cembre 2008.<\/div>\n<\/div>\n<p>Auteur: R\u00e9flexion<br \/>\n<a href=\"https:\/\/www.reflexiondz.net\/Un-franco-algerien-provoque-l-encerclement-de-Macron_a60099.html\">Cliquez ici pour lire l&rsquo;article depuis sa source.<\/a><\/p>\n","protected":false},"excerpt":{"rendered":"<p>Le journaliste franco-alg\u00e9rien Taha Bouhafs a publi\u00e9 un Tweet indiquant la pr\u00e9sence du pr\u00e9sident Emmanuel Macron dans un th\u00e9\u00e2tre. Un rassemblement a \u00e9t\u00e9 organis\u00e9 devant ce th\u00e9\u00e2tre. Face \u00e0 cette situation, la police a proc\u00e9d\u00e9 \u00e0 l\u2019arrestation du journaliste. La police a interpell\u00e9 dans la soir\u00e9e du 17 janvier, le journaliste Taha Bouhafs, apr\u00e8s que [&hellip;]<\/p>\n","protected":false},"author":1740,"featured_media":0,"comment_status":"closed","ping_status":"closed","sticky":false,"template":"","format":"standard","meta":{"fifu_image_url":"","fifu_image_alt":"","footnotes":""},"categories":[53,76],"tags":[],"class_list":["post-73512","post","type-post","status-publish","format-standard","hentry","category-algerie","category-regions"],"_links":{"self":[{"href":"https:\/\/linitiative.ca\/International\/wp-json\/wp\/v2\/posts\/73512","targetHints":{"allow":["GET"]}}],"collection":[{"href":"https:\/\/linitiative.ca\/International\/wp-json\/wp\/v2\/posts"}],"about":[{"href":"https:\/\/linitiative.ca\/International\/wp-json\/wp\/v2\/types\/post"}],"author":[{"embeddable":true,"href":"https:\/\/linitiative.ca\/International\/wp-json\/wp\/v2\/users\/1740"}],"replies":[{"embeddable":true,"href":"https:\/\/linitiative.ca\/International\/wp-json\/wp\/v2\/comments?post=73512"}],"version-history":[{"count":0,"href":"https:\/\/linitiative.ca\/International\/wp-json\/wp\/v2\/posts\/73512\/revisions"}],"wp:attachment":[{"href":"https:\/\/linitiative.ca\/International\/wp-json\/wp\/v2\/media?parent=73512"}],"wp:term":[{"taxonomy":"category","embeddable":true,"href":"https:\/\/linitiative.ca\/International\/wp-json\/wp\/v2\/categories?post=73512"},{"taxonomy":"post_tag","embeddable":true,"href":"https:\/\/linitiative.ca\/International\/wp-json\/wp\/v2\/tags?post=73512"}],"curies":[{"name":"wp","href":"https:\/\/api.w.org\/{rel}","templated":true}]}}