{"id":73513,"date":"2020-01-19T10:49:00","date_gmt":"2020-01-19T15:49:00","guid":{"rendered":"https:\/\/linitiative.ca\/International\/ministere-de-la-sante-interdiction-du-telephone-et-des-rassemblements-dans-les-hopitaux\/"},"modified":"2020-01-19T10:49:00","modified_gmt":"2020-01-19T15:49:00","slug":"ministere-de-la-sante-interdiction-du-telephone-et-des-rassemblements-dans-les-hopitaux","status":"publish","type":"post","link":"https:\/\/linitiative.ca\/International\/ministere-de-la-sante-interdiction-du-telephone-et-des-rassemblements-dans-les-hopitaux\/","title":{"rendered":"MINISTERE DE LA SANTE : Interdiction du t\u00e9l\u00e9phone et des rassemblements dans les h\u00f4pitaux"},"content":{"rendered":"<p><br id=\"sep_para_1\" class=\"sep_para access\"\/><\/p>\n<div id=\"para_1\" class=\"para_35074334 resize\">\n<div class=\"photo shadow left\"><a href=\"javascript:void(0)\" rel=\"https:\/\/www.reflexiondz.net\/photo\/art\/grande\/41926185-35074334.jpg?v=1579464157&#038;ibox\" title=\"MINISTERE DE LA SANTE : Interdiction du t\u00e9l\u00e9phone et des rassemblements dans les h\u00f4pitaux\"><img decoding=\"async\" class=\"responsive c9\" src=\"https:\/\/www.reflexiondz.net\/photo\/art\/grande\/41926185-35074334.jpg?v=1579464157\" alt=\"MINISTERE DE LA SANTE : Interdiction du t\u00e9l\u00e9phone et des rassemblements dans les h\u00f4pitaux\" title=\"MINISTERE DE LA SANTE : Interdiction du t\u00e9l\u00e9phone et des rassemblements dans les h\u00f4pitaux\"\/><img decoding=\"async\" class=\"not-responsive\" src=\"https:\/\/www.reflexiondz.net\/photo\/art\/default\/41926185-35074334.jpg?v=1579464158\" alt=\"MINISTERE DE LA SANTE : Interdiction du t\u00e9l\u00e9phone et des rassemblements dans les h\u00f4pitaux\" title=\"MINISTERE DE LA SANTE : Interdiction du t\u00e9l\u00e9phone et des rassemblements dans les h\u00f4pitaux\"\/><\/a><\/div>\n<div class=\"texte access firstletter\">Le Minist\u00e8re de la Sant\u00e9, de la population et de la r\u00e9forme hospitali\u00e8re vient d\u2019annoncer de nouvelles instructions pour l\u2019am\u00e9lioration du syst\u00e8me sanitaire en Alg\u00e9rie. Ainsi, selon une note publi\u00e9e le 16 janvier dernier, le ministre Pr Abderrahmane Benbouzid\u00a0 instruit les travailleurs de la Sant\u00e9 \u00e0 se conformer aux directives suivantes : l\u2019am\u00e9lioration des conditions d\u2019accueil, de l\u2019orientation dans les \u00e9tablissements de sant\u00e9. Tous le\u00a0 personnel\u00a0 m\u00e9dical et param\u00e9dical doit respecter les r\u00e8gles concernant les tenues au travail. Le minist\u00e8re de la Sant\u00e9 a strictement interdit les rassemblements dans les bureaux sans justification et a appel\u00e9 les professionnels de la sant\u00e9\u00a0 \u00e0 \u00e9viter l\u2019utilisation abusive des t\u00e9l\u00e9phones portables pendant les heures de travail. Il est \u00e9galement strictement interdit de se d\u00e9placer en tenue \u00e0 l\u2019ext\u00e9rieur de l\u2019h\u00f4pital. Le minist\u00e8re de la Sant\u00e9 a charg\u00e9 les directeurs des \u00e9tablissements de sant\u00e9 de mettre imm\u00e9diatement en \u0153uvre ces instructions.<\/div>\n<\/div>\n<p>Auteur: R\u00e9flexion<br \/>\n<a href=\"https:\/\/www.reflexiondz.net\/MINISTERE-DE-LA-SANTE-Interdiction-du-telephone-et-des-rassemblements-dans-les-hopitaux_a60100.html\">Cliquez ici pour lire l&rsquo;article depuis sa source.<\/a><\/p>\n","protected":false},"excerpt":{"rendered":"<p>Le Minist\u00e8re de la Sant\u00e9, de la population et de la r\u00e9forme hospitali\u00e8re vient d\u2019annoncer de nouvelles instructions pour l\u2019am\u00e9lioration du syst\u00e8me sanitaire en Alg\u00e9rie. Ainsi, selon une note publi\u00e9e le 16 janvier dernier, le ministre Pr Abderrahmane Benbouzid\u00a0 instruit les travailleurs de la Sant\u00e9 \u00e0 se conformer aux directives suivantes : l\u2019am\u00e9lioration des conditions [&hellip;]<\/p>\n","protected":false},"author":1740,"featured_media":0,"comment_status":"closed","ping_status":"closed","sticky":false,"template":"","format":"standard","meta":{"fifu_image_url":"","fifu_image_alt":"","footnotes":""},"categories":[53,76],"tags":[],"class_list":["post-73513","post","type-post","status-publish","format-standard","hentry","category-algerie","category-regions"],"_links":{"self":[{"href":"https:\/\/linitiative.ca\/International\/wp-json\/wp\/v2\/posts\/73513","targetHints":{"allow":["GET"]}}],"collection":[{"href":"https:\/\/linitiative.ca\/International\/wp-json\/wp\/v2\/posts"}],"about":[{"href":"https:\/\/linitiative.ca\/International\/wp-json\/wp\/v2\/types\/post"}],"author":[{"embeddable":true,"href":"https:\/\/linitiative.ca\/International\/wp-json\/wp\/v2\/users\/1740"}],"replies":[{"embeddable":true,"href":"https:\/\/linitiative.ca\/International\/wp-json\/wp\/v2\/comments?post=73513"}],"version-history":[{"count":0,"href":"https:\/\/linitiative.ca\/International\/wp-json\/wp\/v2\/posts\/73513\/revisions"}],"wp:attachment":[{"href":"https:\/\/linitiative.ca\/International\/wp-json\/wp\/v2\/media?parent=73513"}],"wp:term":[{"taxonomy":"category","embeddable":true,"href":"https:\/\/linitiative.ca\/International\/wp-json\/wp\/v2\/categories?post=73513"},{"taxonomy":"post_tag","embeddable":true,"href":"https:\/\/linitiative.ca\/International\/wp-json\/wp\/v2\/tags?post=73513"}],"curies":[{"name":"wp","href":"https:\/\/api.w.org\/{rel}","templated":true}]}}