{"id":73518,"date":"2020-01-18T17:51:20","date_gmt":"2020-01-18T22:51:20","guid":{"rendered":"https:\/\/linitiative.ca\/International\/le-chef-de-letat-a-berlin-un-rendez-vous-crucial\/"},"modified":"2020-01-18T17:51:20","modified_gmt":"2020-01-18T22:51:20","slug":"le-chef-de-letat-a-berlin-un-rendez-vous-crucial","status":"publish","type":"post","link":"https:\/\/linitiative.ca\/International\/le-chef-de-letat-a-berlin-un-rendez-vous-crucial\/","title":{"rendered":"Le chef de l&rsquo;Etat \u00e0 Berlin : Un rendez-vous crucial"},"content":{"rendered":"<p>Ce dimanche s\u2019ouvre \u00e0 Berlin la conf\u00e9rence internationale pour la paix en Libye. L\u2019Alg\u00e9rie a \u00e9t\u00e9 invit\u00e9e en la personne de son plus haut repr\u00e9sentant, le Pr\u00e9sident Abdelmadjid Tebboune. Les grandes puissances du monde y participent aux c\u00f4t\u00e9s de notre pays, partenaire privil\u00e9gi\u00e9 dans la recherche de la solution.<br \/>C\u2019est Berlin, capitale de l\u2019Allemagne, qui a \u00e9t\u00e9 choisie pour abriter ce grand rendez-vous. Pourquoi l\u2019Allemagne\u00a0? Parce que ce pays n\u2019a pas \u00e9t\u00e9 impliqu\u00e9 dans des conflits et des diff\u00e9rends avec la Libye, aussi bien historiques que g\u00e9ographiques. Ce n\u2019est pas le cas de l\u2019Italie et de la France, qui ont marqu\u00e9 de fa\u00e7on ind\u00e9l\u00e9bile les pages de l\u2019histoire libyenne. La premi\u00e8re pour en avoir \u00e9t\u00e9 le colonisateur pendant une longue p\u00e9riode, et la deuxi\u00e8me pour \u00eatre intervenue militairement dans la chute du r\u00e9gime El Kaddafi. La France a pourtant\u00a0r\u00e9tabli de bonnes relations avec la Libye en organisant une conf\u00e9rence \u00e0 Paris, avec pour objectif de r\u00e9concilier les deux bellig\u00e9rants actuels El Serraj et Haftar.\u00a0Cette conf\u00e9rence a failli r\u00e9ussir\u00a0; les deux adversaires se sont tendu la main puis, coup de tonnerre, Haftar s\u2019est ravis\u00e9 une fois rentr\u00e9 chez lui, avec une pluie d\u2019insultes contre son ennemi. L\u2019Allemagne, pays neutre, s\u2019engage aujourd\u2019hui \u00e0 r\u00e9it\u00e9rer ce processus de paix. C\u2019est l\u2019occasion pour elle de se positionner dans l\u2019ar\u00e8ne internationale.\u00a0Depuis la fin de la Deuxi\u00e8me Guerre mondiale, ce pays hautement industrialis\u00e9 \u00e9tait priv\u00e9 de briller dans les affaires du monde. Il ne pouvait militairement intervenir \u00e0 l\u2019\u00e9tranger. Pourtant il participe aujourd\u2019hui aux guerres en Afghanistan et en Syrie, mais ces interventions sont fortement encadr\u00e9es par les forces de l\u2019Otan, organisation dont il est membre. Ses soldats sont loin de ressembler aux arm\u00e9es triomphantes du III\u00b0 Reich, et leur r\u00f4le aujourd\u2019hui est plus symbolique qu\u2019efficace\u00a0; c\u2019est pourquoi l\u2019Allemagne reste une grande puissance tourn\u00e9e r\u00e9solument vers la paix, la s\u00e9curit\u00e9, le progr\u00e8s, raisons justifiant l\u2019organisation de la conf\u00e9rence internationale sur la Libye \u00e0 Berlin.<br \/>L\u2019Alg\u00e9rie dans ce contexte international est beaucoup plus active, surtout au niveau r\u00e9gional. Si par principe, elle ne participe \u00e0 aucune intervention militaire en dehors de ses fronti\u00e8res, son influence est grande et parfois d\u00e9cisive dans la r\u00e9solution de conflits dans les pays voisins. L\u2019opinion internationale reconna\u00eet son r\u00f4le majeur dans la recherche de la paix au Mali et appr\u00e9cie, \u00e0 juste titre, ses efforts de m\u00e9diation et d\u2019aide en direction du conflit libyen. Nul autre pays n\u2019est plus proche dans cette voie que l\u2019Alg\u00e9rie, qui poss\u00e8de une fronti\u00e8re de plus de 900 kilom\u00e8tres avec la Lybie. De plus, les derniers d\u00e9veloppements en Lybie lui donnent encore un bon point. Ainsi, gr\u00e2ce aux intenses d\u00e9marches diplomatiques de l\u2019Alg\u00e9rie, l\u2019intervention militaire de la Turquie a \u00e9t\u00e9 annul\u00e9e. Ses bonnes relations avec Ankara ont permis d\u2019\u00e9viter l\u2019intensification des combats fratricides et ont men\u00e9 au dialogue et \u00e0 la concertation, comme le pr\u00f4ne aujourd\u2019hui la conf\u00e9rence internationale \u00e0 la Libye. Les deux adversaires s\u2019assoient enfin sur une m\u00eame table. Gr\u00e2ce \u00e0 ces efforts, un cessez-le-feu a \u00e9t\u00e9 n\u00e9goci\u00e9.\u00a0<\/p>\n<p>Auteur: Boudjedri<br \/>\n<a href=\"http:\/\/www.jeune-independant.net\/Le-chef-de-l-Etat-a-Berlin-Un.html\">Cliquez ici pour lire l&rsquo;article depuis sa source.<\/a><\/p>\n","protected":false},"excerpt":{"rendered":"<p>Ce dimanche s\u2019ouvre \u00e0 Berlin la conf\u00e9rence internationale pour la paix en Libye. L\u2019Alg\u00e9rie a \u00e9t\u00e9 invit\u00e9e en la personne de son plus haut repr\u00e9sentant, le Pr\u00e9sident Abdelmadjid Tebboune. Les grandes puissances du monde y participent aux c\u00f4t\u00e9s de notre pays, partenaire privil\u00e9gi\u00e9 dans la recherche de la solution.C\u2019est Berlin, capitale de l\u2019Allemagne, qui a [&hellip;]<\/p>\n","protected":false},"author":1737,"featured_media":0,"comment_status":"closed","ping_status":"closed","sticky":false,"template":"","format":"standard","meta":{"fifu_image_url":"","fifu_image_alt":"","footnotes":""},"categories":[73,53],"tags":[],"class_list":["post-73518","post","type-post","status-publish","format-standard","hentry","category-actualite","category-algerie"],"_links":{"self":[{"href":"https:\/\/linitiative.ca\/International\/wp-json\/wp\/v2\/posts\/73518","targetHints":{"allow":["GET"]}}],"collection":[{"href":"https:\/\/linitiative.ca\/International\/wp-json\/wp\/v2\/posts"}],"about":[{"href":"https:\/\/linitiative.ca\/International\/wp-json\/wp\/v2\/types\/post"}],"author":[{"embeddable":true,"href":"https:\/\/linitiative.ca\/International\/wp-json\/wp\/v2\/users\/1737"}],"replies":[{"embeddable":true,"href":"https:\/\/linitiative.ca\/International\/wp-json\/wp\/v2\/comments?post=73518"}],"version-history":[{"count":0,"href":"https:\/\/linitiative.ca\/International\/wp-json\/wp\/v2\/posts\/73518\/revisions"}],"wp:attachment":[{"href":"https:\/\/linitiative.ca\/International\/wp-json\/wp\/v2\/media?parent=73518"}],"wp:term":[{"taxonomy":"category","embeddable":true,"href":"https:\/\/linitiative.ca\/International\/wp-json\/wp\/v2\/categories?post=73518"},{"taxonomy":"post_tag","embeddable":true,"href":"https:\/\/linitiative.ca\/International\/wp-json\/wp\/v2\/tags?post=73518"}],"curies":[{"name":"wp","href":"https:\/\/api.w.org\/{rel}","templated":true}]}}